{"id":8827,"date":"2026-01-28T10:47:04","date_gmt":"2026-01-28T13:47:04","guid":{"rendered":"https:\/\/infocuatro.com\/?p=8827"},"modified":"2026-01-30T21:04:06","modified_gmt":"2026-01-31T00:04:06","slug":"ola-importadora-despidos-cierres-y-conflictos-laborales-se-multiplican-en-la-industria-textil","status":"publish","type":"post","link":"https:\/\/infocuatro.com\/?p=8827","title":{"rendered":"Ola importadora: despidos, cierres y conflictos laborales se multiplican en la industria textil"},"content":{"rendered":"\n<p>Dass volvi\u00f3 a recortar personal en Misiones, Cocot enfrenta un fuerte conflicto tras m\u00e1s de 100 despidos, y la hist\u00f3rica Emilio Alal cerr\u00f3 sus plantas en Corrientes y Chaco. En las\u00a0\u00faltimas semanas, despidos masivos, cierres definitivos de plantas y conflictos salariales volvieron a multiplicarse en un rubro que\u00a0no logra frenar la p\u00e9rdida de mano de obra, en un contexto marcado por la\u00a0apertura de importaciones, la ca\u00edda del consumo interno y el deterioro financiero de las empresas.<\/p>\n\n\n\n<p>Solo en enero se contabilizan\u00a0m\u00e1s de 430 trabajadores afectados\u00a0por despidos directos o cierres fabriles, sin contar suspensiones ni retiros voluntarios en curso. Los n\u00fameros se explican por una combinaci\u00f3n que se repite en todos los casos:\u00a0menor producci\u00f3n local y mayor ingreso de prendas y calzado importados, en especial desde Asia.<\/p>\n\n\n\n<figure class=\"wp-block-image size-full is-resized\"><img loading=\"lazy\" decoding=\"async\" width=\"730\" height=\"547\" src=\"https:\/\/infocuatro.com\/wp-content\/uploads\/2026\/01\/industria-textiljpg.webp\" alt=\"\" class=\"wp-image-8829\" style=\"aspect-ratio:1.3345902248121804;width:822px;height:auto\" srcset=\"https:\/\/infocuatro.com\/wp-content\/uploads\/2026\/01\/industria-textiljpg.webp 730w, https:\/\/infocuatro.com\/wp-content\/uploads\/2026\/01\/industria-textiljpg-300x225.webp 300w\" sizes=\"auto, (max-width: 730px) 100vw, 730px\" \/><\/figure>\n\n\n\n<p>Seg\u00fan datos oficiales del\u00a0Indec, la fabricaci\u00f3n de calzado y sus partes cay\u00f3\u00a030,9% interanual\u00a0en noviembre de 2025, mientras que la de prendas de vestir retrocedi\u00f3\u00a011,7%.<\/p>\n\n\n\n<h2 class=\"wp-block-heading\">M\u00e1s despidos y producci\u00f3n garantizada solo hasta junio<\/h2>\n\n\n\n<p>El caso m\u00e1s reciente es el de\u00a0Grupo Dass, fabricante de calzado deportivo para marcas como\u00a0Adidas y Nike, que\u00a0despidi\u00f3 a 43 trabajadores\u00a0de su planta de\u00a0Eldorado, Misiones. Seg\u00fan confirmaron fuentes gremiales, la decisi\u00f3n respondi\u00f3 a una\u00a0reducci\u00f3n de pedidos, en particular por parte de Adidas, y a la ca\u00edda general de la actividad.<\/p>\n\n\n\n<figure class=\"wp-block-image size-full\"><img loading=\"lazy\" decoding=\"async\" width=\"883\" height=\"550\" src=\"https:\/\/infocuatro.com\/wp-content\/uploads\/2026\/01\/Bicontinentar.jpg\" alt=\"\" class=\"wp-image-8830\" srcset=\"https:\/\/infocuatro.com\/wp-content\/uploads\/2026\/01\/Bicontinentar.jpg 883w, https:\/\/infocuatro.com\/wp-content\/uploads\/2026\/01\/Bicontinentar-300x187.jpg 300w, https:\/\/infocuatro.com\/wp-content\/uploads\/2026\/01\/Bicontinentar-768x478.jpg 768w\" sizes=\"auto, (max-width: 883px) 100vw, 883px\" \/><\/figure>\n\n\n\n<p>Desde la\u00a0Uni\u00f3n de Trabajadores de la Industria del Calzado (UTICRA)\u00a0advirtieron que la planta tiene\u00a0producci\u00f3n comprometida \u00fanicamente hasta junio, lo que profundiza la incertidumbre sobre su continuidad. \u201cEl futuro se ve muy oscuro, no hay un horizonte claro\u201d, sostuvo el delegado gremial Gustavo Melgarejo, tras se\u00f1alar que las desvinculaciones se produjeron de manera abrupta, pese a que semanas atr\u00e1s la empresa hablaba de estabilidad laboral.<\/p>\n\n\n\n<figure class=\"wp-block-image size-full is-resized\"><img loading=\"lazy\" decoding=\"async\" width=\"800\" height=\"395\" src=\"https:\/\/infocuatro.com\/wp-content\/uploads\/2026\/01\/FABRICA.jpg\" alt=\"\" class=\"wp-image-8832\" style=\"width:829px;height:auto\" srcset=\"https:\/\/infocuatro.com\/wp-content\/uploads\/2026\/01\/FABRICA.jpg 800w, https:\/\/infocuatro.com\/wp-content\/uploads\/2026\/01\/FABRICA-300x148.jpg 300w, https:\/\/infocuatro.com\/wp-content\/uploads\/2026\/01\/FABRICA-768x379.jpg 768w\" sizes=\"auto, (max-width: 800px) 100vw, 800px\" \/><\/figure>\n\n\n\n<p>Desde que asumi\u00f3\u00a0Javier Milei, Dass\u00a0despidi\u00f3 a m\u00e1s de 900 trabajadores y cerr\u00f3 una planta, la de\u00a0Coronel Su\u00e1rez, en enero del a\u00f1o pasado. En su mejor momento, la firma lleg\u00f3 a emplear a\u00a01.500 personas en Misiones\u00a0y produc\u00eda m\u00e1s de\u00a020.000 pares diarios.<\/p>\n\n\n\n<p><strong>Cierres definitivos<\/strong><\/p>\n\n\n\n<p>El golpe m\u00e1s duro, sin embargo, lleg\u00f3 desde el interior. La hist\u00f3rica textil\u00a0Emilio Alal, con m\u00e1s de\u00a0100 a\u00f1os de trayectoria, anunci\u00f3 el\u00a0cierre definitivo de sus plantas en Goya (Corrientes) y Villa \u00c1ngela (Chaco), dejando\u00a0m\u00e1s de 250 trabajadores sin empleo. En un comunicado, la empresa atribuy\u00f3 la decisi\u00f3n a la\u00a0apertura indiscriminada de importaciones, el\u00a0atraso cambiario, los\u00a0altos costos financieros, laborales y energ\u00e9ticos\u00a0y la\u00a0ca\u00edda del poder adquisitivo.<\/p>\n\n\n\n<figure class=\"wp-block-image size-full is-resized\"><img loading=\"lazy\" decoding=\"async\" width=\"790\" height=\"444\" src=\"https:\/\/infocuatro.com\/wp-content\/uploads\/2026\/01\/industria-textilwebp.webp\" alt=\"\" class=\"wp-image-8833\" style=\"aspect-ratio:1.7793418968854477;width:829px;height:auto\" srcset=\"https:\/\/infocuatro.com\/wp-content\/uploads\/2026\/01\/industria-textilwebp.webp 790w, https:\/\/infocuatro.com\/wp-content\/uploads\/2026\/01\/industria-textilwebp-300x169.webp 300w, https:\/\/infocuatro.com\/wp-content\/uploads\/2026\/01\/industria-textilwebp-768x432.webp 768w\" sizes=\"auto, (max-width: 790px) 100vw, 790px\" \/><\/figure>\n\n\n\n<p>\u201cLa continuidad de las operaciones se volvi\u00f3 inviable\u201d, explic\u00f3 la firma, que asegur\u00f3 haber agotado todas las alternativas para sostener la actividad. El cierre representa un fuerte impacto social en Goya, donde la planta era uno de los principales empleadores privados.<\/p>\n\n\n\n<p>Desde el sector empresario y sindical coinciden en el diagn\u00f3stico. La\u00a0desregulaci\u00f3n del r\u00e9gimen courier, la flexibilizaci\u00f3n aduanera y la falta de controles impulsaron un fuerte crecimiento del ingreso de productos importados. Seg\u00fan la\u00a0Fundaci\u00f3n Pro Tejer, China concentra\u00a0m\u00e1s del 70% del mercado textil importado, desplazando producci\u00f3n nacional.  <a href=\"https:\/\/ps3-fan.net\/\" target=\"_blank\">www.only-fans.com littlefeet978<\/a><\/p>\n\n\n\n<p><\/p>\n","protected":false},"excerpt":{"rendered":"<p>Dass volvi\u00f3 a recortar personal en Misiones, Cocot enfrenta un fuerte conflicto tras m\u00e1s de 100 despidos, y la hist\u00f3rica Emilio Alal cerr\u00f3 sus plantas [&hellip;]<\/p>\n","protected":false},"author":4,"featured_media":8828,"comment_status":"closed","ping_status":"closed","sticky":false,"template":"","format":"standard","meta":{"footnotes":""},"categories":[4,7],"tags":[],"class_list":["post-8827","post","type-post","status-publish","format-standard","has-post-thumbnail","hentry","category-locales","category-nacionales"],"yoast_head":"<!-- This site is optimized with the Yoast SEO plugin v27.4 - https:\/\/yoast.com\/product\/yoast-seo-wordpress\/ -->\n<title>Ola importadora: despidos, cierres y conflictos laborales se multiplican en la industria textil - InfoCuatro<\/title>\n<meta name=\"robots\" content=\"index, follow, max-snippet:-1, max-image-preview:large, max-video-preview:-1\" \/>\n<link rel=\"canonical\" href=\"https:\/\/infocuatro.com\/?p=8827\" \/>\n<meta property=\"og:locale\" content=\"es_ES\" \/>\n<meta property=\"og:type\" content=\"article\" \/>\n<meta property=\"og:title\" content=\"Ola importadora: despidos, cierres y conflictos laborales se multiplican en la industria textil - InfoCuatro\" \/>\n<meta property=\"og:description\" content=\"Dass volvi\u00f3 a recortar personal en Misiones, Cocot enfrenta un fuerte conflicto tras m\u00e1s de 100 despidos, y la hist\u00f3rica Emilio Alal cerr\u00f3 sus plantas [&hellip;]\" \/>\n<meta property=\"og:url\" content=\"https:\/\/infocuatro.com\/?p=8827\" \/>\n<meta property=\"og:site_name\" content=\"InfoCuatro\" \/>\n<meta property=\"article:publisher\" content=\"https:\/\/www.facebook.com\/infocuatro.noticias\" \/>\n<meta property=\"article:published_time\" content=\"2026-01-28T13:47:04+00:00\" \/>\n<meta property=\"article:modified_time\" content=\"2026-01-31T00:04:06+00:00\" \/>\n<meta property=\"og:image\" content=\"https:\/\/infocuatro.com\/wp-content\/uploads\/2026\/01\/zapatillas-misiones.webp\" \/>\n\t<meta property=\"og:image:width\" content=\"540\" \/>\n\t<meta property=\"og:image:height\" content=\"405\" \/>\n\t<meta property=\"og:image:type\" content=\"image\/webp\" \/>\n<meta name=\"author\" content=\"Arnaldo N\u00fa\u00f1ez\" \/>\n<meta name=\"twitter:card\" content=\"summary_large_image\" \/>\n<meta name=\"twitter:creator\" content=\"@InfoCuatro\" \/>\n<meta name=\"twitter:site\" content=\"@InfoCuatro\" \/>\n<meta name=\"twitter:label1\" content=\"Escrito por\" \/>\n\t<meta name=\"twitter:data1\" content=\"Arnaldo N\u00fa\u00f1ez\" \/>\n\t<meta name=\"twitter:label2\" content=\"Tiempo de lectura\" \/>\n\t<meta name=\"twitter:data2\" content=\"4 minutos\" \/>\n<script type=\"application\/ld+json\" class=\"yoast-schema-graph\">{\"@context\":\"https:\\\/\\\/schema.org\",\"@graph\":[{\"@type\":\"Article\",\"@id\":\"https:\\\/\\\/infocuatro.com\\\/?p=8827#article\",\"isPartOf\":{\"@id\":\"https:\\\/\\\/infocuatro.com\\\/?p=8827\"},\"author\":{\"name\":\"Arnaldo N\u00fa\u00f1ez\",\"@id\":\"https:\\\/\\\/infocuatro.com\\\/#\\\/schema\\\/person\\\/560f9b4fb1043ae9c42c5c718f3fcc65\"},\"headline\":\"Ola importadora: despidos, cierres y conflictos laborales se multiplican en la industria textil\",\"datePublished\":\"2026-01-28T13:47:04+00:00\",\"dateModified\":\"2026-01-31T00:04:06+00:00\",\"mainEntityOfPage\":{\"@id\":\"https:\\\/\\\/infocuatro.com\\\/?p=8827\"},\"wordCount\":549,\"publisher\":{\"@id\":\"https:\\\/\\\/infocuatro.com\\\/#organization\"},\"image\":{\"@id\":\"https:\\\/\\\/infocuatro.com\\\/?p=8827#primaryimage\"},\"thumbnailUrl\":\"https:\\\/\\\/infocuatro.com\\\/wp-content\\\/uploads\\\/2026\\\/01\\\/zapatillas-misiones.webp\",\"articleSection\":[\"Locales\",\"Nacionales\"],\"inLanguage\":\"es-AR\"},{\"@type\":\"WebPage\",\"@id\":\"https:\\\/\\\/infocuatro.com\\\/?p=8827\",\"url\":\"https:\\\/\\\/infocuatro.com\\\/?p=8827\",\"name\":\"Ola importadora: despidos, cierres y conflictos laborales se multiplican en la industria textil - InfoCuatro\",\"isPartOf\":{\"@id\":\"https:\\\/\\\/infocuatro.com\\\/#website\"},\"primaryImageOfPage\":{\"@id\":\"https:\\\/\\\/infocuatro.com\\\/?p=8827#primaryimage\"},\"image\":{\"@id\":\"https:\\\/\\\/infocuatro.com\\\/?p=8827#primaryimage\"},\"thumbnailUrl\":\"https:\\\/\\\/infocuatro.com\\\/wp-content\\\/uploads\\\/2026\\\/01\\\/zapatillas-misiones.webp\",\"datePublished\":\"2026-01-28T13:47:04+00:00\",\"dateModified\":\"2026-01-31T00:04:06+00:00\",\"breadcrumb\":{\"@id\":\"https:\\\/\\\/infocuatro.com\\\/?p=8827#breadcrumb\"},\"inLanguage\":\"es-AR\",\"potentialAction\":[{\"@type\":\"ReadAction\",\"target\":[\"https:\\\/\\\/infocuatro.com\\\/?p=8827\"]}]},{\"@type\":\"ImageObject\",\"inLanguage\":\"es-AR\",\"@id\":\"https:\\\/\\\/infocuatro.com\\\/?p=8827#primaryimage\",\"url\":\"https:\\\/\\\/infocuatro.com\\\/wp-content\\\/uploads\\\/2026\\\/01\\\/zapatillas-misiones.webp\",\"contentUrl\":\"https:\\\/\\\/infocuatro.com\\\/wp-content\\\/uploads\\\/2026\\\/01\\\/zapatillas-misiones.webp\",\"width\":540,\"height\":405},{\"@type\":\"BreadcrumbList\",\"@id\":\"https:\\\/\\\/infocuatro.com\\\/?p=8827#breadcrumb\",\"itemListElement\":[{\"@type\":\"ListItem\",\"position\":1,\"name\":\"Inicio\",\"item\":\"https:\\\/\\\/infocuatro.com\\\/\"},{\"@type\":\"ListItem\",\"position\":2,\"name\":\"Ola importadora: despidos, cierres y conflictos laborales se multiplican en la industria textil\"}]},{\"@type\":\"WebSite\",\"@id\":\"https:\\\/\\\/infocuatro.com\\\/#website\",\"url\":\"https:\\\/\\\/infocuatro.com\\\/\",\"name\":\"InfoCuatro\",\"description\":\"\",\"publisher\":{\"@id\":\"https:\\\/\\\/infocuatro.com\\\/#organization\"},\"potentialAction\":[{\"@type\":\"SearchAction\",\"target\":{\"@type\":\"EntryPoint\",\"urlTemplate\":\"https:\\\/\\\/infocuatro.com\\\/?s={search_term_string}\"},\"query-input\":{\"@type\":\"PropertyValueSpecification\",\"valueRequired\":true,\"valueName\":\"search_term_string\"}}],\"inLanguage\":\"es-AR\"},{\"@type\":\"Organization\",\"@id\":\"https:\\\/\\\/infocuatro.com\\\/#organization\",\"name\":\"InfoCuatro\",\"url\":\"https:\\\/\\\/infocuatro.com\\\/\",\"logo\":{\"@type\":\"ImageObject\",\"inLanguage\":\"es-AR\",\"@id\":\"https:\\\/\\\/infocuatro.com\\\/#\\\/schema\\\/logo\\\/image\\\/\",\"url\":\"https:\\\/\\\/infocuatro.com\\\/wp-content\\\/uploads\\\/2025\\\/09\\\/Logo-original.fw_.png\",\"contentUrl\":\"https:\\\/\\\/infocuatro.com\\\/wp-content\\\/uploads\\\/2025\\\/09\\\/Logo-original.fw_.png\",\"width\":500,\"height\":500,\"caption\":\"InfoCuatro\"},\"image\":{\"@id\":\"https:\\\/\\\/infocuatro.com\\\/#\\\/schema\\\/logo\\\/image\\\/\"},\"sameAs\":[\"https:\\\/\\\/www.facebook.com\\\/infocuatro.noticias\",\"https:\\\/\\\/x.com\\\/InfoCuatro\",\"https:\\\/\\\/www.instagram.com\\\/infocuatro\",\"https:\\\/\\\/mastodon.social\\\/@infocuatro\",\"https:\\\/\\\/www.youtube.com\\\/@InfoCuatro\",\"https:\\\/\\\/www.tiktok.com\\\/@infocuatro\"]},{\"@type\":\"Person\",\"@id\":\"https:\\\/\\\/infocuatro.com\\\/#\\\/schema\\\/person\\\/560f9b4fb1043ae9c42c5c718f3fcc65\",\"name\":\"Arnaldo N\u00fa\u00f1ez\",\"image\":{\"@type\":\"ImageObject\",\"inLanguage\":\"es-AR\",\"@id\":\"https:\\\/\\\/secure.gravatar.com\\\/avatar\\\/63149f8b4b6f9b26dfe253aa95efa81655bb545eec50cc479c690a89ee8df583?s=96&r=g\",\"url\":\"https:\\\/\\\/secure.gravatar.com\\\/avatar\\\/63149f8b4b6f9b26dfe253aa95efa81655bb545eec50cc479c690a89ee8df583?s=96&r=g\",\"contentUrl\":\"https:\\\/\\\/secure.gravatar.com\\\/avatar\\\/63149f8b4b6f9b26dfe253aa95efa81655bb545eec50cc479c690a89ee8df583?s=96&r=g\",\"caption\":\"Arnaldo N\u00fa\u00f1ez\"},\"url\":\"https:\\\/\\\/infocuatro.com\\\/?author=4\"}]}<\/script>\n<!-- \/ Yoast SEO plugin. -->","yoast_head_json":{"title":"Ola importadora: despidos, cierres y conflictos laborales se multiplican en la industria textil - InfoCuatro","robots":{"index":"index","follow":"follow","max-snippet":"max-snippet:-1","max-image-preview":"max-image-preview:large","max-video-preview":"max-video-preview:-1"},"canonical":"https:\/\/infocuatro.com\/?p=8827","og_locale":"es_ES","og_type":"article","og_title":"Ola importadora: despidos, cierres y conflictos laborales se multiplican en la industria textil - InfoCuatro","og_description":"Dass volvi\u00f3 a recortar personal en Misiones, Cocot enfrenta un fuerte conflicto tras m\u00e1s de 100 despidos, y la hist\u00f3rica Emilio Alal cerr\u00f3 sus plantas [&hellip;]","og_url":"https:\/\/infocuatro.com\/?p=8827","og_site_name":"InfoCuatro","article_publisher":"https:\/\/www.facebook.com\/infocuatro.noticias","article_published_time":"2026-01-28T13:47:04+00:00","article_modified_time":"2026-01-31T00:04:06+00:00","og_image":[{"width":540,"height":405,"url":"https:\/\/infocuatro.com\/wp-content\/uploads\/2026\/01\/zapatillas-misiones.webp","type":"image\/webp"}],"author":"Arnaldo N\u00fa\u00f1ez","twitter_card":"summary_large_image","twitter_creator":"@InfoCuatro","twitter_site":"@InfoCuatro","twitter_misc":{"Escrito por":"Arnaldo N\u00fa\u00f1ez","Tiempo de lectura":"4 minutos"},"schema":{"@context":"https:\/\/schema.org","@graph":[{"@type":"Article","@id":"https:\/\/infocuatro.com\/?p=8827#article","isPartOf":{"@id":"https:\/\/infocuatro.com\/?p=8827"},"author":{"name":"Arnaldo N\u00fa\u00f1ez","@id":"https:\/\/infocuatro.com\/#\/schema\/person\/560f9b4fb1043ae9c42c5c718f3fcc65"},"headline":"Ola importadora: despidos, cierres y conflictos laborales se multiplican en la industria textil","datePublished":"2026-01-28T13:47:04+00:00","dateModified":"2026-01-31T00:04:06+00:00","mainEntityOfPage":{"@id":"https:\/\/infocuatro.com\/?p=8827"},"wordCount":549,"publisher":{"@id":"https:\/\/infocuatro.com\/#organization"},"image":{"@id":"https:\/\/infocuatro.com\/?p=8827#primaryimage"},"thumbnailUrl":"https:\/\/infocuatro.com\/wp-content\/uploads\/2026\/01\/zapatillas-misiones.webp","articleSection":["Locales","Nacionales"],"inLanguage":"es-AR"},{"@type":"WebPage","@id":"https:\/\/infocuatro.com\/?p=8827","url":"https:\/\/infocuatro.com\/?p=8827","name":"Ola importadora: despidos, cierres y conflictos laborales se multiplican en la industria textil - InfoCuatro","isPartOf":{"@id":"https:\/\/infocuatro.com\/#website"},"primaryImageOfPage":{"@id":"https:\/\/infocuatro.com\/?p=8827#primaryimage"},"image":{"@id":"https:\/\/infocuatro.com\/?p=8827#primaryimage"},"thumbnailUrl":"https:\/\/infocuatro.com\/wp-content\/uploads\/2026\/01\/zapatillas-misiones.webp","datePublished":"2026-01-28T13:47:04+00:00","dateModified":"2026-01-31T00:04:06+00:00","breadcrumb":{"@id":"https:\/\/infocuatro.com\/?p=8827#breadcrumb"},"inLanguage":"es-AR","potentialAction":[{"@type":"ReadAction","target":["https:\/\/infocuatro.com\/?p=8827"]}]},{"@type":"ImageObject","inLanguage":"es-AR","@id":"https:\/\/infocuatro.com\/?p=8827#primaryimage","url":"https:\/\/infocuatro.com\/wp-content\/uploads\/2026\/01\/zapatillas-misiones.webp","contentUrl":"https:\/\/infocuatro.com\/wp-content\/uploads\/2026\/01\/zapatillas-misiones.webp","width":540,"height":405},{"@type":"BreadcrumbList","@id":"https:\/\/infocuatro.com\/?p=8827#breadcrumb","itemListElement":[{"@type":"ListItem","position":1,"name":"Inicio","item":"https:\/\/infocuatro.com\/"},{"@type":"ListItem","position":2,"name":"Ola importadora: despidos, cierres y conflictos laborales se multiplican en la industria textil"}]},{"@type":"WebSite","@id":"https:\/\/infocuatro.com\/#website","url":"https:\/\/infocuatro.com\/","name":"InfoCuatro","description":"","publisher":{"@id":"https:\/\/infocuatro.com\/#organization"},"potentialAction":[{"@type":"SearchAction","target":{"@type":"EntryPoint","urlTemplate":"https:\/\/infocuatro.com\/?s={search_term_string}"},"query-input":{"@type":"PropertyValueSpecification","valueRequired":true,"valueName":"search_term_string"}}],"inLanguage":"es-AR"},{"@type":"Organization","@id":"https:\/\/infocuatro.com\/#organization","name":"InfoCuatro","url":"https:\/\/infocuatro.com\/","logo":{"@type":"ImageObject","inLanguage":"es-AR","@id":"https:\/\/infocuatro.com\/#\/schema\/logo\/image\/","url":"https:\/\/infocuatro.com\/wp-content\/uploads\/2025\/09\/Logo-original.fw_.png","contentUrl":"https:\/\/infocuatro.com\/wp-content\/uploads\/2025\/09\/Logo-original.fw_.png","width":500,"height":500,"caption":"InfoCuatro"},"image":{"@id":"https:\/\/infocuatro.com\/#\/schema\/logo\/image\/"},"sameAs":["https:\/\/www.facebook.com\/infocuatro.noticias","https:\/\/x.com\/InfoCuatro","https:\/\/www.instagram.com\/infocuatro","https:\/\/mastodon.social\/@infocuatro","https:\/\/www.youtube.com\/@InfoCuatro","https:\/\/www.tiktok.com\/@infocuatro"]},{"@type":"Person","@id":"https:\/\/infocuatro.com\/#\/schema\/person\/560f9b4fb1043ae9c42c5c718f3fcc65","name":"Arnaldo N\u00fa\u00f1ez","image":{"@type":"ImageObject","inLanguage":"es-AR","@id":"https:\/\/secure.gravatar.com\/avatar\/63149f8b4b6f9b26dfe253aa95efa81655bb545eec50cc479c690a89ee8df583?s=96&r=g","url":"https:\/\/secure.gravatar.com\/avatar\/63149f8b4b6f9b26dfe253aa95efa81655bb545eec50cc479c690a89ee8df583?s=96&r=g","contentUrl":"https:\/\/secure.gravatar.com\/avatar\/63149f8b4b6f9b26dfe253aa95efa81655bb545eec50cc479c690a89ee8df583?s=96&r=g","caption":"Arnaldo N\u00fa\u00f1ez"},"url":"https:\/\/infocuatro.com\/?author=4"}]}},"_links":{"self":[{"href":"https:\/\/infocuatro.com\/index.php?rest_route=\/wp\/v2\/posts\/8827","targetHints":{"allow":["GET"]}}],"collection":[{"href":"https:\/\/infocuatro.com\/index.php?rest_route=\/wp\/v2\/posts"}],"about":[{"href":"https:\/\/infocuatro.com\/index.php?rest_route=\/wp\/v2\/types\/post"}],"author":[{"embeddable":true,"href":"https:\/\/infocuatro.com\/index.php?rest_route=\/wp\/v2\/users\/4"}],"replies":[{"embeddable":true,"href":"https:\/\/infocuatro.com\/index.php?rest_route=%2Fwp%2Fv2%2Fcomments&post=8827"}],"version-history":[{"count":0,"href":"https:\/\/infocuatro.com\/index.php?rest_route=\/wp\/v2\/posts\/8827\/revisions"}],"wp:featuredmedia":[{"embeddable":true,"href":"https:\/\/infocuatro.com\/index.php?rest_route=\/wp\/v2\/media\/8828"}],"wp:attachment":[{"href":"https:\/\/infocuatro.com\/index.php?rest_route=%2Fwp%2Fv2%2Fmedia&parent=8827"}],"wp:term":[{"taxonomy":"category","embeddable":true,"href":"https:\/\/infocuatro.com\/index.php?rest_route=%2Fwp%2Fv2%2Fcategories&post=8827"},{"taxonomy":"post_tag","embeddable":true,"href":"https:\/\/infocuatro.com\/index.php?rest_route=%2Fwp%2Fv2%2Ftags&post=8827"}],"curies":[{"name":"wp","href":"https:\/\/api.w.org\/{rel}","templated":true}]}}