{"id":8821,"date":"2026-01-28T10:31:32","date_gmt":"2026-01-28T13:31:32","guid":{"rendered":"https:\/\/infocuatro.com\/?p=8821"},"modified":"2026-01-28T10:32:01","modified_gmt":"2026-01-28T13:32:01","slug":"el-deterioro-de-las-rutas-argentinas-es-noticia-en-europa","status":"publish","type":"post","link":"https:\/\/infocuatro.com\/?p=8821","title":{"rendered":"Ins\u00f3lito: El deterioro de las rutas argentinas es noticia en Europa"},"content":{"rendered":"\n<p>El estado de la infraestructura vial argentina\u00a0cruz\u00f3 fronteras y se convirti\u00f3 en tema de agenda en medios europeos. La cadena internacional alemana Deutsche Welle (DW) public\u00f3 un informe sobre el estancamiento de la obra p\u00fablica y el impacto directo que tiene en las rutas nacionales que sufren los\u00a0 usuarios. <\/p>\n\n\n\n<p>La repercusi\u00f3n fue destacada en redes sociales por la diputada nacional Julia Strada (Uni\u00f3n por la Patria), quien se\u00f1al\u00f3 que la prensa extranjera refleja la \u201cvirtual eliminaci\u00f3n de la obra p\u00fablica\u201d durante el gobierno de Javier Milei. <\/p>\n\n\n\n<figure class=\"wp-block-image size-full is-resized\"><img loading=\"lazy\" decoding=\"async\" width=\"380\" height=\"259\" src=\"https:\/\/infocuatro.com\/wp-content\/uploads\/2026\/01\/391776w380h259c.jpg.webp\" alt=\"\" class=\"wp-image-8823\" style=\"aspect-ratio:1.4672699849170436;width:785px;height:auto\" srcset=\"https:\/\/infocuatro.com\/wp-content\/uploads\/2026\/01\/391776w380h259c.jpg.webp 380w, https:\/\/infocuatro.com\/wp-content\/uploads\/2026\/01\/391776w380h259c.jpg-300x204.webp 300w\" sizes=\"auto, (max-width: 380px) 100vw, 380px\" \/><\/figure>\n\n\n\n<p>De acuerdo con los datos difundidos, la ejecuci\u00f3n de\u00a0los gastos de capital destinados a obra p\u00fablica cay\u00f3 un 75,9% en t\u00e9rminos reales en 2024\u00a0respecto de 2023. En 2025, la retracci\u00f3n alcanz\u00f3 el 78,1% frente al mismo a\u00f1o base, escribi\u00f3 la legisladora en su cuenta de X.\u00a0<\/p>\n\n\n\n<p>Y sum\u00f3 que, lejos de revertirse, el ajuste se profundizar\u00eda en el presupuesto 2026, que proyecta una ca\u00edda del 81,3% en t\u00e9rminos reales en comparaci\u00f3n con 2023, consolidando un escenario de menor inversi\u00f3n en infraestructura.<\/p>\n\n\n\n<p>El informe t\u00e9cnico citado por DW, elaborado por\u00a0trabajadores viales, advierte que el 70% de la red de rutas argentinas se encuentra deteriorada como consecuencia de la paralizaci\u00f3n de obras<a href=\"https:\/\/noticiasargentinas.com\/interes-general\/provincia-invierte-mas-de--20-000-000-en-rutas-del-conurbano_a6977de77cbf033dd995e9188\"><strong>\u00a0<\/strong><\/a>y de la falta de mantenimiento.<\/p>\n\n\n\n<figure class=\"wp-block-image size-large\"><img loading=\"lazy\" decoding=\"async\" width=\"1024\" height=\"576\" src=\"https:\/\/infocuatro.com\/wp-content\/uploads\/2026\/01\/rutas-nacionales-1024x576.webp\" alt=\"\" class=\"wp-image-8824\" srcset=\"https:\/\/infocuatro.com\/wp-content\/uploads\/2026\/01\/rutas-nacionales-1024x576.webp 1024w, https:\/\/infocuatro.com\/wp-content\/uploads\/2026\/01\/rutas-nacionales-300x169.webp 300w, https:\/\/infocuatro.com\/wp-content\/uploads\/2026\/01\/rutas-nacionales-768x432.webp 768w, https:\/\/infocuatro.com\/wp-content\/uploads\/2026\/01\/rutas-nacionales.webp 1200w\" sizes=\"auto, (max-width: 1024px) 100vw, 1024px\" \/><\/figure>\n\n\n\n<p>Esta situaci\u00f3n genera un impacto directo en los costos log\u00edsticos y en la seguridad vial,  encareciendo el transporte de mercader\u00edas y afectando la competitividad de distintos sectores productivos.<\/p>\n\n\n\n<p>El propio reporte remarca la contradicci\u00f3n de que algunos de los sectores m\u00e1s afectados por el\u00a0mal estado de las rutas,  como la miner\u00eda y los hidrocarburos, han sido recientemente beneficiados por rebajas impositivas.<\/p>\n\n\n\n<p>Como ejemplo, se menciona a la provincia de Jujuy,  en el l\u00edmite norte con Chile y Bolivia, donde el gobierno provincial negocia con empresas mineras de litio para que inviertan en rutas, al tiempo que reclama una mayor participaci\u00f3n del Estado nacional en el financiamiento de obras viales estrat\u00e9gicas. <\/p>\n\n\n\n<p><em>Fuente: Agencia NA<\/em><\/p>\n","protected":false},"excerpt":{"rendered":"<p>El estado de la infraestructura vial argentina\u00a0cruz\u00f3 fronteras y se convirti\u00f3 en tema de agenda en medios europeos. La cadena internacional alemana Deutsche Welle (DW) [&hellip;]<\/p>\n","protected":false},"author":4,"featured_media":8822,"comment_status":"closed","ping_status":"closed","sticky":false,"template":"","format":"standard","meta":{"footnotes":""},"categories":[7],"tags":[],"class_list":["post-8821","post","type-post","status-publish","format-standard","has-post-thumbnail","hentry","category-nacionales"],"yoast_head":"<!-- This site is optimized with the Yoast SEO plugin v27.4 - https:\/\/yoast.com\/product\/yoast-seo-wordpress\/ -->\n<title>Ins\u00f3lito: El deterioro de las rutas argentinas es noticia en Europa - InfoCuatro<\/title>\n<meta name=\"robots\" content=\"index, follow, max-snippet:-1, max-image-preview:large, max-video-preview:-1\" \/>\n<link rel=\"canonical\" href=\"https:\/\/infocuatro.com\/?p=8821\" \/>\n<meta property=\"og:locale\" content=\"es_ES\" \/>\n<meta property=\"og:type\" content=\"article\" \/>\n<meta property=\"og:title\" content=\"Ins\u00f3lito: El deterioro de las rutas argentinas es noticia en Europa - InfoCuatro\" \/>\n<meta property=\"og:description\" content=\"El estado de la infraestructura vial argentina\u00a0cruz\u00f3 fronteras y se convirti\u00f3 en tema de agenda en medios europeos. La cadena internacional alemana Deutsche Welle (DW) [&hellip;]\" \/>\n<meta property=\"og:url\" content=\"https:\/\/infocuatro.com\/?p=8821\" \/>\n<meta property=\"og:site_name\" content=\"InfoCuatro\" \/>\n<meta property=\"article:publisher\" content=\"https:\/\/www.facebook.com\/infocuatro.noticias\" \/>\n<meta property=\"article:published_time\" content=\"2026-01-28T13:31:32+00:00\" \/>\n<meta property=\"article:modified_time\" content=\"2026-01-28T13:32:01+00:00\" \/>\n<meta property=\"og:image\" content=\"https:\/\/infocuatro.com\/wp-content\/uploads\/2026\/01\/bbx_43593171_ruta.jpg\" \/>\n\t<meta property=\"og:image:width\" content=\"900\" \/>\n\t<meta property=\"og:image:height\" content=\"650\" \/>\n\t<meta property=\"og:image:type\" content=\"image\/jpeg\" \/>\n<meta name=\"author\" content=\"Arnaldo N\u00fa\u00f1ez\" \/>\n<meta name=\"twitter:card\" content=\"summary_large_image\" \/>\n<meta name=\"twitter:creator\" content=\"@InfoCuatro\" \/>\n<meta name=\"twitter:site\" content=\"@InfoCuatro\" \/>\n<meta name=\"twitter:label1\" content=\"Escrito por\" \/>\n\t<meta name=\"twitter:data1\" content=\"Arnaldo N\u00fa\u00f1ez\" \/>\n\t<meta name=\"twitter:label2\" content=\"Tiempo de lectura\" \/>\n\t<meta name=\"twitter:data2\" content=\"3 minutos\" \/>\n<script type=\"application\/ld+json\" class=\"yoast-schema-graph\">{\"@context\":\"https:\\\/\\\/schema.org\",\"@graph\":[{\"@type\":\"Article\",\"@id\":\"https:\\\/\\\/infocuatro.com\\\/?p=8821#article\",\"isPartOf\":{\"@id\":\"https:\\\/\\\/infocuatro.com\\\/?p=8821\"},\"author\":{\"name\":\"Arnaldo N\u00fa\u00f1ez\",\"@id\":\"https:\\\/\\\/infocuatro.com\\\/#\\\/schema\\\/person\\\/560f9b4fb1043ae9c42c5c718f3fcc65\"},\"headline\":\"Ins\u00f3lito: El deterioro de las rutas argentinas es noticia en Europa\",\"datePublished\":\"2026-01-28T13:31:32+00:00\",\"dateModified\":\"2026-01-28T13:32:01+00:00\",\"mainEntityOfPage\":{\"@id\":\"https:\\\/\\\/infocuatro.com\\\/?p=8821\"},\"wordCount\":350,\"publisher\":{\"@id\":\"https:\\\/\\\/infocuatro.com\\\/#organization\"},\"image\":{\"@id\":\"https:\\\/\\\/infocuatro.com\\\/?p=8821#primaryimage\"},\"thumbnailUrl\":\"https:\\\/\\\/infocuatro.com\\\/wp-content\\\/uploads\\\/2026\\\/01\\\/bbx_43593171_ruta.jpg\",\"articleSection\":[\"Nacionales\"],\"inLanguage\":\"es-AR\"},{\"@type\":\"WebPage\",\"@id\":\"https:\\\/\\\/infocuatro.com\\\/?p=8821\",\"url\":\"https:\\\/\\\/infocuatro.com\\\/?p=8821\",\"name\":\"Ins\u00f3lito: El deterioro de las rutas argentinas es noticia en Europa - InfoCuatro\",\"isPartOf\":{\"@id\":\"https:\\\/\\\/infocuatro.com\\\/#website\"},\"primaryImageOfPage\":{\"@id\":\"https:\\\/\\\/infocuatro.com\\\/?p=8821#primaryimage\"},\"image\":{\"@id\":\"https:\\\/\\\/infocuatro.com\\\/?p=8821#primaryimage\"},\"thumbnailUrl\":\"https:\\\/\\\/infocuatro.com\\\/wp-content\\\/uploads\\\/2026\\\/01\\\/bbx_43593171_ruta.jpg\",\"datePublished\":\"2026-01-28T13:31:32+00:00\",\"dateModified\":\"2026-01-28T13:32:01+00:00\",\"breadcrumb\":{\"@id\":\"https:\\\/\\\/infocuatro.com\\\/?p=8821#breadcrumb\"},\"inLanguage\":\"es-AR\",\"potentialAction\":[{\"@type\":\"ReadAction\",\"target\":[\"https:\\\/\\\/infocuatro.com\\\/?p=8821\"]}]},{\"@type\":\"ImageObject\",\"inLanguage\":\"es-AR\",\"@id\":\"https:\\\/\\\/infocuatro.com\\\/?p=8821#primaryimage\",\"url\":\"https:\\\/\\\/infocuatro.com\\\/wp-content\\\/uploads\\\/2026\\\/01\\\/bbx_43593171_ruta.jpg\",\"contentUrl\":\"https:\\\/\\\/infocuatro.com\\\/wp-content\\\/uploads\\\/2026\\\/01\\\/bbx_43593171_ruta.jpg\",\"width\":900,\"height\":650},{\"@type\":\"BreadcrumbList\",\"@id\":\"https:\\\/\\\/infocuatro.com\\\/?p=8821#breadcrumb\",\"itemListElement\":[{\"@type\":\"ListItem\",\"position\":1,\"name\":\"Inicio\",\"item\":\"https:\\\/\\\/infocuatro.com\\\/\"},{\"@type\":\"ListItem\",\"position\":2,\"name\":\"Ins\u00f3lito: El deterioro de las rutas argentinas es noticia en Europa\"}]},{\"@type\":\"WebSite\",\"@id\":\"https:\\\/\\\/infocuatro.com\\\/#website\",\"url\":\"https:\\\/\\\/infocuatro.com\\\/\",\"name\":\"InfoCuatro\",\"description\":\"\",\"publisher\":{\"@id\":\"https:\\\/\\\/infocuatro.com\\\/#organization\"},\"potentialAction\":[{\"@type\":\"SearchAction\",\"target\":{\"@type\":\"EntryPoint\",\"urlTemplate\":\"https:\\\/\\\/infocuatro.com\\\/?s={search_term_string}\"},\"query-input\":{\"@type\":\"PropertyValueSpecification\",\"valueRequired\":true,\"valueName\":\"search_term_string\"}}],\"inLanguage\":\"es-AR\"},{\"@type\":\"Organization\",\"@id\":\"https:\\\/\\\/infocuatro.com\\\/#organization\",\"name\":\"InfoCuatro\",\"url\":\"https:\\\/\\\/infocuatro.com\\\/\",\"logo\":{\"@type\":\"ImageObject\",\"inLanguage\":\"es-AR\",\"@id\":\"https:\\\/\\\/infocuatro.com\\\/#\\\/schema\\\/logo\\\/image\\\/\",\"url\":\"https:\\\/\\\/infocuatro.com\\\/wp-content\\\/uploads\\\/2025\\\/09\\\/Logo-original.fw_.png\",\"contentUrl\":\"https:\\\/\\\/infocuatro.com\\\/wp-content\\\/uploads\\\/2025\\\/09\\\/Logo-original.fw_.png\",\"width\":500,\"height\":500,\"caption\":\"InfoCuatro\"},\"image\":{\"@id\":\"https:\\\/\\\/infocuatro.com\\\/#\\\/schema\\\/logo\\\/image\\\/\"},\"sameAs\":[\"https:\\\/\\\/www.facebook.com\\\/infocuatro.noticias\",\"https:\\\/\\\/x.com\\\/InfoCuatro\",\"https:\\\/\\\/www.instagram.com\\\/infocuatro\",\"https:\\\/\\\/mastodon.social\\\/@infocuatro\",\"https:\\\/\\\/www.youtube.com\\\/@InfoCuatro\",\"https:\\\/\\\/www.tiktok.com\\\/@infocuatro\"]},{\"@type\":\"Person\",\"@id\":\"https:\\\/\\\/infocuatro.com\\\/#\\\/schema\\\/person\\\/560f9b4fb1043ae9c42c5c718f3fcc65\",\"name\":\"Arnaldo N\u00fa\u00f1ez\",\"image\":{\"@type\":\"ImageObject\",\"inLanguage\":\"es-AR\",\"@id\":\"https:\\\/\\\/secure.gravatar.com\\\/avatar\\\/63149f8b4b6f9b26dfe253aa95efa81655bb545eec50cc479c690a89ee8df583?s=96&r=g\",\"url\":\"https:\\\/\\\/secure.gravatar.com\\\/avatar\\\/63149f8b4b6f9b26dfe253aa95efa81655bb545eec50cc479c690a89ee8df583?s=96&r=g\",\"contentUrl\":\"https:\\\/\\\/secure.gravatar.com\\\/avatar\\\/63149f8b4b6f9b26dfe253aa95efa81655bb545eec50cc479c690a89ee8df583?s=96&r=g\",\"caption\":\"Arnaldo N\u00fa\u00f1ez\"},\"url\":\"https:\\\/\\\/infocuatro.com\\\/?author=4\"}]}<\/script>\n<!-- \/ Yoast SEO plugin. -->","yoast_head_json":{"title":"Ins\u00f3lito: El deterioro de las rutas argentinas es noticia en Europa - InfoCuatro","robots":{"index":"index","follow":"follow","max-snippet":"max-snippet:-1","max-image-preview":"max-image-preview:large","max-video-preview":"max-video-preview:-1"},"canonical":"https:\/\/infocuatro.com\/?p=8821","og_locale":"es_ES","og_type":"article","og_title":"Ins\u00f3lito: El deterioro de las rutas argentinas es noticia en Europa - InfoCuatro","og_description":"El estado de la infraestructura vial argentina\u00a0cruz\u00f3 fronteras y se convirti\u00f3 en tema de agenda en medios europeos. La cadena internacional alemana Deutsche Welle (DW) [&hellip;]","og_url":"https:\/\/infocuatro.com\/?p=8821","og_site_name":"InfoCuatro","article_publisher":"https:\/\/www.facebook.com\/infocuatro.noticias","article_published_time":"2026-01-28T13:31:32+00:00","article_modified_time":"2026-01-28T13:32:01+00:00","og_image":[{"width":900,"height":650,"url":"https:\/\/infocuatro.com\/wp-content\/uploads\/2026\/01\/bbx_43593171_ruta.jpg","type":"image\/jpeg"}],"author":"Arnaldo N\u00fa\u00f1ez","twitter_card":"summary_large_image","twitter_creator":"@InfoCuatro","twitter_site":"@InfoCuatro","twitter_misc":{"Escrito por":"Arnaldo N\u00fa\u00f1ez","Tiempo de lectura":"3 minutos"},"schema":{"@context":"https:\/\/schema.org","@graph":[{"@type":"Article","@id":"https:\/\/infocuatro.com\/?p=8821#article","isPartOf":{"@id":"https:\/\/infocuatro.com\/?p=8821"},"author":{"name":"Arnaldo N\u00fa\u00f1ez","@id":"https:\/\/infocuatro.com\/#\/schema\/person\/560f9b4fb1043ae9c42c5c718f3fcc65"},"headline":"Ins\u00f3lito: El deterioro de las rutas argentinas es noticia en Europa","datePublished":"2026-01-28T13:31:32+00:00","dateModified":"2026-01-28T13:32:01+00:00","mainEntityOfPage":{"@id":"https:\/\/infocuatro.com\/?p=8821"},"wordCount":350,"publisher":{"@id":"https:\/\/infocuatro.com\/#organization"},"image":{"@id":"https:\/\/infocuatro.com\/?p=8821#primaryimage"},"thumbnailUrl":"https:\/\/infocuatro.com\/wp-content\/uploads\/2026\/01\/bbx_43593171_ruta.jpg","articleSection":["Nacionales"],"inLanguage":"es-AR"},{"@type":"WebPage","@id":"https:\/\/infocuatro.com\/?p=8821","url":"https:\/\/infocuatro.com\/?p=8821","name":"Ins\u00f3lito: El deterioro de las rutas argentinas es noticia en Europa - InfoCuatro","isPartOf":{"@id":"https:\/\/infocuatro.com\/#website"},"primaryImageOfPage":{"@id":"https:\/\/infocuatro.com\/?p=8821#primaryimage"},"image":{"@id":"https:\/\/infocuatro.com\/?p=8821#primaryimage"},"thumbnailUrl":"https:\/\/infocuatro.com\/wp-content\/uploads\/2026\/01\/bbx_43593171_ruta.jpg","datePublished":"2026-01-28T13:31:32+00:00","dateModified":"2026-01-28T13:32:01+00:00","breadcrumb":{"@id":"https:\/\/infocuatro.com\/?p=8821#breadcrumb"},"inLanguage":"es-AR","potentialAction":[{"@type":"ReadAction","target":["https:\/\/infocuatro.com\/?p=8821"]}]},{"@type":"ImageObject","inLanguage":"es-AR","@id":"https:\/\/infocuatro.com\/?p=8821#primaryimage","url":"https:\/\/infocuatro.com\/wp-content\/uploads\/2026\/01\/bbx_43593171_ruta.jpg","contentUrl":"https:\/\/infocuatro.com\/wp-content\/uploads\/2026\/01\/bbx_43593171_ruta.jpg","width":900,"height":650},{"@type":"BreadcrumbList","@id":"https:\/\/infocuatro.com\/?p=8821#breadcrumb","itemListElement":[{"@type":"ListItem","position":1,"name":"Inicio","item":"https:\/\/infocuatro.com\/"},{"@type":"ListItem","position":2,"name":"Ins\u00f3lito: El deterioro de las rutas argentinas es noticia en Europa"}]},{"@type":"WebSite","@id":"https:\/\/infocuatro.com\/#website","url":"https:\/\/infocuatro.com\/","name":"InfoCuatro","description":"","publisher":{"@id":"https:\/\/infocuatro.com\/#organization"},"potentialAction":[{"@type":"SearchAction","target":{"@type":"EntryPoint","urlTemplate":"https:\/\/infocuatro.com\/?s={search_term_string}"},"query-input":{"@type":"PropertyValueSpecification","valueRequired":true,"valueName":"search_term_string"}}],"inLanguage":"es-AR"},{"@type":"Organization","@id":"https:\/\/infocuatro.com\/#organization","name":"InfoCuatro","url":"https:\/\/infocuatro.com\/","logo":{"@type":"ImageObject","inLanguage":"es-AR","@id":"https:\/\/infocuatro.com\/#\/schema\/logo\/image\/","url":"https:\/\/infocuatro.com\/wp-content\/uploads\/2025\/09\/Logo-original.fw_.png","contentUrl":"https:\/\/infocuatro.com\/wp-content\/uploads\/2025\/09\/Logo-original.fw_.png","width":500,"height":500,"caption":"InfoCuatro"},"image":{"@id":"https:\/\/infocuatro.com\/#\/schema\/logo\/image\/"},"sameAs":["https:\/\/www.facebook.com\/infocuatro.noticias","https:\/\/x.com\/InfoCuatro","https:\/\/www.instagram.com\/infocuatro","https:\/\/mastodon.social\/@infocuatro","https:\/\/www.youtube.com\/@InfoCuatro","https:\/\/www.tiktok.com\/@infocuatro"]},{"@type":"Person","@id":"https:\/\/infocuatro.com\/#\/schema\/person\/560f9b4fb1043ae9c42c5c718f3fcc65","name":"Arnaldo N\u00fa\u00f1ez","image":{"@type":"ImageObject","inLanguage":"es-AR","@id":"https:\/\/secure.gravatar.com\/avatar\/63149f8b4b6f9b26dfe253aa95efa81655bb545eec50cc479c690a89ee8df583?s=96&r=g","url":"https:\/\/secure.gravatar.com\/avatar\/63149f8b4b6f9b26dfe253aa95efa81655bb545eec50cc479c690a89ee8df583?s=96&r=g","contentUrl":"https:\/\/secure.gravatar.com\/avatar\/63149f8b4b6f9b26dfe253aa95efa81655bb545eec50cc479c690a89ee8df583?s=96&r=g","caption":"Arnaldo N\u00fa\u00f1ez"},"url":"https:\/\/infocuatro.com\/?author=4"}]}},"_links":{"self":[{"href":"https:\/\/infocuatro.com\/index.php?rest_route=\/wp\/v2\/posts\/8821","targetHints":{"allow":["GET"]}}],"collection":[{"href":"https:\/\/infocuatro.com\/index.php?rest_route=\/wp\/v2\/posts"}],"about":[{"href":"https:\/\/infocuatro.com\/index.php?rest_route=\/wp\/v2\/types\/post"}],"author":[{"embeddable":true,"href":"https:\/\/infocuatro.com\/index.php?rest_route=\/wp\/v2\/users\/4"}],"replies":[{"embeddable":true,"href":"https:\/\/infocuatro.com\/index.php?rest_route=%2Fwp%2Fv2%2Fcomments&post=8821"}],"version-history":[{"count":2,"href":"https:\/\/infocuatro.com\/index.php?rest_route=\/wp\/v2\/posts\/8821\/revisions"}],"predecessor-version":[{"id":8826,"href":"https:\/\/infocuatro.com\/index.php?rest_route=\/wp\/v2\/posts\/8821\/revisions\/8826"}],"wp:featuredmedia":[{"embeddable":true,"href":"https:\/\/infocuatro.com\/index.php?rest_route=\/wp\/v2\/media\/8822"}],"wp:attachment":[{"href":"https:\/\/infocuatro.com\/index.php?rest_route=%2Fwp%2Fv2%2Fmedia&parent=8821"}],"wp:term":[{"taxonomy":"category","embeddable":true,"href":"https:\/\/infocuatro.com\/index.php?rest_route=%2Fwp%2Fv2%2Fcategories&post=8821"},{"taxonomy":"post_tag","embeddable":true,"href":"https:\/\/infocuatro.com\/index.php?rest_route=%2Fwp%2Fv2%2Ftags&post=8821"}],"curies":[{"name":"wp","href":"https:\/\/api.w.org\/{rel}","templated":true}]}}