{"id":8810,"date":"2026-01-27T20:53:36","date_gmt":"2026-01-27T23:53:36","guid":{"rendered":"https:\/\/infocuatro.com\/?p=8810"},"modified":"2026-01-27T20:53:39","modified_gmt":"2026-01-27T23:53:39","slug":"polemica-con-tiktok-en-estados-unidos-usuarios-abandonan-la-app-tras-el-nuevo-acuerdo-por-el-uso-de-datos-personales","status":"publish","type":"post","link":"https:\/\/infocuatro.com\/?p=8810","title":{"rendered":"Pol\u00e9mica con TikTok en Estados Unidos:\u00a0usuarios abandonan la app tras el nuevo acuerdo por el uso de datos personales"},"content":{"rendered":"\n<p>La relaci\u00f3n entre TikTok y \u00a0Estados Unidos\u00a0volvi\u00f3 a quedar en el centro del debate p\u00fablico. La entrada en vigencia de una\u00a0nueva pol\u00edtica de privacidad, obligatoria para seguir utilizando la plataforma, provoc\u00f3 un\u00a0abandono masivo de usuarios\u00a0preocupados por el alcance de la informaci\u00f3n que la aplicaci\u00f3n puede recopilar y por el rol que jugar\u00e1n empresas vinculadas al entorno pol\u00edtico de Donald Trump la gesti\u00f3n de esos datos.<\/p>\n\n\n\n<p>El acuerdo permite que la red social de origen chino contin\u00fae operando legalmente en el pa\u00eds a trav\u00e9s de una filial denominada\u00a0TikTok USDS Joint Venture LLC, integrada por inversores estadounidenses. Esta reestructuraci\u00f3n responde a las exigencias de las autoridades locales, que desde hace a\u00f1os buscan\u00a0limitar el acceso de empresas extranjeras a datos sensibles de ciudadanos estadounidenses.<\/p>\n\n\n\n<figure class=\"wp-block-image size-full\"><img loading=\"lazy\" decoding=\"async\" width=\"950\" height=\"532\" src=\"https:\/\/infocuatro.com\/wp-content\/uploads\/2026\/01\/X36L5GFQ6BABNHXFGGEF6FKZMU.avif\" alt=\"\" class=\"wp-image-8812\" srcset=\"https:\/\/infocuatro.com\/wp-content\/uploads\/2026\/01\/X36L5GFQ6BABNHXFGGEF6FKZMU.avif 950w, https:\/\/infocuatro.com\/wp-content\/uploads\/2026\/01\/X36L5GFQ6BABNHXFGGEF6FKZMU-300x168.jpg 300w, https:\/\/infocuatro.com\/wp-content\/uploads\/2026\/01\/X36L5GFQ6BABNHXFGGEF6FKZMU-768x430.jpg 768w\" sizes=\"auto, (max-width: 950px) 100vw, 950px\" \/><\/figure>\n\n\n\n<h2 class=\"wp-block-heading\">\u00bfQu\u00e9 datos podr\u00e1 recopilar TikTok con la nueva pol\u00edtica?<\/h2>\n\n\n\n<p>El documento de privacidad actualizado ampl\u00eda de manera expl\u00edcita el tipo de informaci\u00f3n que los usuarios autorizan a compartir. Adem\u00e1s de los datos habituales, como nombre, correo electr\u00f3nico, n\u00famero telef\u00f3nico o fecha de nacimiento,\u00a0TikTok podr\u00e1 acceder al contenido generado dentro de la plataforma, como videos, comentarios, mensajes privados y transmisiones en vivo.<\/p>\n\n\n\n<figure class=\"wp-block-image size-full\"><img loading=\"lazy\" decoding=\"async\" width=\"950\" height=\"721\" src=\"https:\/\/infocuatro.com\/wp-content\/uploads\/2026\/01\/6PKFB36TVBHRVNSD4F7WVKGAWM.avif\" alt=\"\" class=\"wp-image-8813\" srcset=\"https:\/\/infocuatro.com\/wp-content\/uploads\/2026\/01\/6PKFB36TVBHRVNSD4F7WVKGAWM.avif 950w, https:\/\/infocuatro.com\/wp-content\/uploads\/2026\/01\/6PKFB36TVBHRVNSD4F7WVKGAWM-300x228.jpg 300w, https:\/\/infocuatro.com\/wp-content\/uploads\/2026\/01\/6PKFB36TVBHRVNSD4F7WVKGAWM-768x583.jpg 768w\" sizes=\"auto, (max-width: 950px) 100vw, 950px\" \/><\/figure>\n\n\n\n<p>La pol\u00edtica tambi\u00e9n habilita la\u00a0recolecci\u00f3n de informaci\u00f3n t\u00e9cnica del dispositivo,\u00a0historial de\u00a0actividad,\u00a0datos de compra,\u00a0m\u00e9todos de pago\u00a0y, con autorizaci\u00f3n,\u00a0contactos telef\u00f3nicos y de redes sociales. Sin embargo, el punto m\u00e1s controversial es la inclusi\u00f3n expresa de\u00a0datos personales sensibles, entre ellos:<\/p>\n\n\n\n<ul class=\"wp-block-list\">\n<li>Informaci\u00f3n sobre salud f\u00edsica o mental.<\/li>\n\n\n\n<li>Orientaci\u00f3n sexual e identidad de g\u00e9nero.<\/li>\n\n\n\n<li>Creencias religiosas.<\/li>\n\n\n\n<li>Origen racial o \u00e9tnico.<\/li>\n\n\n\n<li>Nacionalidad y estatus migratorio.<\/li>\n\n\n\n<li>Datos financieros y ubicaci\u00f3n precisa.<\/li>\n<\/ul>\n\n\n\n<p>Seg\u00fan TikTok, estos datos pueden surgir del propio contenido que publican los usuarios o de\u00a0procesos de verificaci\u00f3n de identidad, y ser\u00e1n tratados bajo la legislaci\u00f3n estadounidense, incluida la\u00a0Ley de Privacidad del Consumidor de California.<\/p>\n","protected":false},"excerpt":{"rendered":"<p>La relaci\u00f3n entre TikTok y \u00a0Estados Unidos\u00a0volvi\u00f3 a quedar en el centro del debate p\u00fablico. La entrada en vigencia de una\u00a0nueva pol\u00edtica de privacidad, obligatoria [&hellip;]<\/p>\n","protected":false},"author":4,"featured_media":8811,"comment_status":"closed","ping_status":"closed","sticky":false,"template":"","format":"standard","meta":{"footnotes":""},"categories":[8],"tags":[],"class_list":["post-8810","post","type-post","status-publish","format-standard","has-post-thumbnail","hentry","category-internacionales"],"yoast_head":"<!-- This site is optimized with the Yoast SEO plugin v27.4 - https:\/\/yoast.com\/product\/yoast-seo-wordpress\/ -->\n<title>Pol\u00e9mica con TikTok en Estados Unidos:\u00a0usuarios abandonan la app tras el nuevo acuerdo por el uso de datos personales - InfoCuatro<\/title>\n<meta name=\"robots\" content=\"index, follow, max-snippet:-1, max-image-preview:large, max-video-preview:-1\" \/>\n<link rel=\"canonical\" href=\"https:\/\/infocuatro.com\/?p=8810\" \/>\n<meta property=\"og:locale\" content=\"es_ES\" \/>\n<meta property=\"og:type\" content=\"article\" \/>\n<meta property=\"og:title\" content=\"Pol\u00e9mica con TikTok en Estados Unidos:\u00a0usuarios abandonan la app tras el nuevo acuerdo por el uso de datos personales - InfoCuatro\" \/>\n<meta property=\"og:description\" content=\"La relaci\u00f3n entre TikTok y \u00a0Estados Unidos\u00a0volvi\u00f3 a quedar en el centro del debate p\u00fablico. La entrada en vigencia de una\u00a0nueva pol\u00edtica de privacidad, obligatoria [&hellip;]\" \/>\n<meta property=\"og:url\" content=\"https:\/\/infocuatro.com\/?p=8810\" \/>\n<meta property=\"og:site_name\" content=\"InfoCuatro\" \/>\n<meta property=\"article:publisher\" content=\"https:\/\/www.facebook.com\/infocuatro.noticias\" \/>\n<meta property=\"article:published_time\" content=\"2026-01-27T23:53:36+00:00\" \/>\n<meta property=\"article:modified_time\" content=\"2026-01-27T23:53:39+00:00\" \/>\n<meta name=\"author\" content=\"Arnaldo N\u00fa\u00f1ez\" \/>\n<meta name=\"twitter:card\" content=\"summary_large_image\" \/>\n<meta name=\"twitter:creator\" content=\"@InfoCuatro\" \/>\n<meta name=\"twitter:site\" content=\"@InfoCuatro\" \/>\n<meta name=\"twitter:label1\" content=\"Escrito por\" \/>\n\t<meta name=\"twitter:data1\" content=\"Arnaldo N\u00fa\u00f1ez\" \/>\n\t<meta name=\"twitter:label2\" content=\"Tiempo de lectura\" \/>\n\t<meta name=\"twitter:data2\" content=\"2 minutos\" \/>\n<script type=\"application\/ld+json\" class=\"yoast-schema-graph\">{\"@context\":\"https:\\\/\\\/schema.org\",\"@graph\":[{\"@type\":\"Article\",\"@id\":\"https:\\\/\\\/infocuatro.com\\\/?p=8810#article\",\"isPartOf\":{\"@id\":\"https:\\\/\\\/infocuatro.com\\\/?p=8810\"},\"author\":{\"name\":\"Arnaldo N\u00fa\u00f1ez\",\"@id\":\"https:\\\/\\\/infocuatro.com\\\/#\\\/schema\\\/person\\\/560f9b4fb1043ae9c42c5c718f3fcc65\"},\"headline\":\"Pol\u00e9mica con TikTok en Estados Unidos:\u00a0usuarios abandonan la app tras el nuevo acuerdo por el uso de datos personales\",\"datePublished\":\"2026-01-27T23:53:36+00:00\",\"dateModified\":\"2026-01-27T23:53:39+00:00\",\"mainEntityOfPage\":{\"@id\":\"https:\\\/\\\/infocuatro.com\\\/?p=8810\"},\"wordCount\":358,\"publisher\":{\"@id\":\"https:\\\/\\\/infocuatro.com\\\/#organization\"},\"image\":{\"@id\":\"https:\\\/\\\/infocuatro.com\\\/?p=8810#primaryimage\"},\"thumbnailUrl\":\"https:\\\/\\\/infocuatro.com\\\/wp-content\\\/uploads\\\/2026\\\/01\\\/X6ZA4EZSFNCRTBGJOZCQFCTPM4.avif\",\"articleSection\":[\"Internacionales\"],\"inLanguage\":\"es-AR\"},{\"@type\":\"WebPage\",\"@id\":\"https:\\\/\\\/infocuatro.com\\\/?p=8810\",\"url\":\"https:\\\/\\\/infocuatro.com\\\/?p=8810\",\"name\":\"Pol\u00e9mica con TikTok en Estados Unidos:\u00a0usuarios abandonan la app tras el nuevo acuerdo por el uso de datos personales - InfoCuatro\",\"isPartOf\":{\"@id\":\"https:\\\/\\\/infocuatro.com\\\/#website\"},\"primaryImageOfPage\":{\"@id\":\"https:\\\/\\\/infocuatro.com\\\/?p=8810#primaryimage\"},\"image\":{\"@id\":\"https:\\\/\\\/infocuatro.com\\\/?p=8810#primaryimage\"},\"thumbnailUrl\":\"https:\\\/\\\/infocuatro.com\\\/wp-content\\\/uploads\\\/2026\\\/01\\\/X6ZA4EZSFNCRTBGJOZCQFCTPM4.avif\",\"datePublished\":\"2026-01-27T23:53:36+00:00\",\"dateModified\":\"2026-01-27T23:53:39+00:00\",\"breadcrumb\":{\"@id\":\"https:\\\/\\\/infocuatro.com\\\/?p=8810#breadcrumb\"},\"inLanguage\":\"es-AR\",\"potentialAction\":[{\"@type\":\"ReadAction\",\"target\":[\"https:\\\/\\\/infocuatro.com\\\/?p=8810\"]}]},{\"@type\":\"ImageObject\",\"inLanguage\":\"es-AR\",\"@id\":\"https:\\\/\\\/infocuatro.com\\\/?p=8810#primaryimage\",\"url\":\"https:\\\/\\\/infocuatro.com\\\/wp-content\\\/uploads\\\/2026\\\/01\\\/X6ZA4EZSFNCRTBGJOZCQFCTPM4.avif\",\"contentUrl\":\"https:\\\/\\\/infocuatro.com\\\/wp-content\\\/uploads\\\/2026\\\/01\\\/X6ZA4EZSFNCRTBGJOZCQFCTPM4.avif\",\"width\":950,\"height\":534},{\"@type\":\"BreadcrumbList\",\"@id\":\"https:\\\/\\\/infocuatro.com\\\/?p=8810#breadcrumb\",\"itemListElement\":[{\"@type\":\"ListItem\",\"position\":1,\"name\":\"Inicio\",\"item\":\"https:\\\/\\\/infocuatro.com\\\/\"},{\"@type\":\"ListItem\",\"position\":2,\"name\":\"Pol\u00e9mica con TikTok en Estados Unidos:\u00a0usuarios abandonan la app tras el nuevo acuerdo por el uso de datos personales\"}]},{\"@type\":\"WebSite\",\"@id\":\"https:\\\/\\\/infocuatro.com\\\/#website\",\"url\":\"https:\\\/\\\/infocuatro.com\\\/\",\"name\":\"InfoCuatro\",\"description\":\"\",\"publisher\":{\"@id\":\"https:\\\/\\\/infocuatro.com\\\/#organization\"},\"potentialAction\":[{\"@type\":\"SearchAction\",\"target\":{\"@type\":\"EntryPoint\",\"urlTemplate\":\"https:\\\/\\\/infocuatro.com\\\/?s={search_term_string}\"},\"query-input\":{\"@type\":\"PropertyValueSpecification\",\"valueRequired\":true,\"valueName\":\"search_term_string\"}}],\"inLanguage\":\"es-AR\"},{\"@type\":\"Organization\",\"@id\":\"https:\\\/\\\/infocuatro.com\\\/#organization\",\"name\":\"InfoCuatro\",\"url\":\"https:\\\/\\\/infocuatro.com\\\/\",\"logo\":{\"@type\":\"ImageObject\",\"inLanguage\":\"es-AR\",\"@id\":\"https:\\\/\\\/infocuatro.com\\\/#\\\/schema\\\/logo\\\/image\\\/\",\"url\":\"https:\\\/\\\/infocuatro.com\\\/wp-content\\\/uploads\\\/2025\\\/09\\\/Logo-original.fw_.png\",\"contentUrl\":\"https:\\\/\\\/infocuatro.com\\\/wp-content\\\/uploads\\\/2025\\\/09\\\/Logo-original.fw_.png\",\"width\":500,\"height\":500,\"caption\":\"InfoCuatro\"},\"image\":{\"@id\":\"https:\\\/\\\/infocuatro.com\\\/#\\\/schema\\\/logo\\\/image\\\/\"},\"sameAs\":[\"https:\\\/\\\/www.facebook.com\\\/infocuatro.noticias\",\"https:\\\/\\\/x.com\\\/InfoCuatro\",\"https:\\\/\\\/www.instagram.com\\\/infocuatro\",\"https:\\\/\\\/mastodon.social\\\/@infocuatro\",\"https:\\\/\\\/www.youtube.com\\\/@InfoCuatro\",\"https:\\\/\\\/www.tiktok.com\\\/@infocuatro\"]},{\"@type\":\"Person\",\"@id\":\"https:\\\/\\\/infocuatro.com\\\/#\\\/schema\\\/person\\\/560f9b4fb1043ae9c42c5c718f3fcc65\",\"name\":\"Arnaldo N\u00fa\u00f1ez\",\"image\":{\"@type\":\"ImageObject\",\"inLanguage\":\"es-AR\",\"@id\":\"https:\\\/\\\/secure.gravatar.com\\\/avatar\\\/63149f8b4b6f9b26dfe253aa95efa81655bb545eec50cc479c690a89ee8df583?s=96&r=g\",\"url\":\"https:\\\/\\\/secure.gravatar.com\\\/avatar\\\/63149f8b4b6f9b26dfe253aa95efa81655bb545eec50cc479c690a89ee8df583?s=96&r=g\",\"contentUrl\":\"https:\\\/\\\/secure.gravatar.com\\\/avatar\\\/63149f8b4b6f9b26dfe253aa95efa81655bb545eec50cc479c690a89ee8df583?s=96&r=g\",\"caption\":\"Arnaldo N\u00fa\u00f1ez\"},\"url\":\"https:\\\/\\\/infocuatro.com\\\/?author=4\"}]}<\/script>\n<!-- \/ Yoast SEO plugin. -->","yoast_head_json":{"title":"Pol\u00e9mica con TikTok en Estados Unidos:\u00a0usuarios abandonan la app tras el nuevo acuerdo por el uso de datos personales - InfoCuatro","robots":{"index":"index","follow":"follow","max-snippet":"max-snippet:-1","max-image-preview":"max-image-preview:large","max-video-preview":"max-video-preview:-1"},"canonical":"https:\/\/infocuatro.com\/?p=8810","og_locale":"es_ES","og_type":"article","og_title":"Pol\u00e9mica con TikTok en Estados Unidos:\u00a0usuarios abandonan la app tras el nuevo acuerdo por el uso de datos personales - InfoCuatro","og_description":"La relaci\u00f3n entre TikTok y \u00a0Estados Unidos\u00a0volvi\u00f3 a quedar en el centro del debate p\u00fablico. La entrada en vigencia de una\u00a0nueva pol\u00edtica de privacidad, obligatoria [&hellip;]","og_url":"https:\/\/infocuatro.com\/?p=8810","og_site_name":"InfoCuatro","article_publisher":"https:\/\/www.facebook.com\/infocuatro.noticias","article_published_time":"2026-01-27T23:53:36+00:00","article_modified_time":"2026-01-27T23:53:39+00:00","author":"Arnaldo N\u00fa\u00f1ez","twitter_card":"summary_large_image","twitter_creator":"@InfoCuatro","twitter_site":"@InfoCuatro","twitter_misc":{"Escrito por":"Arnaldo N\u00fa\u00f1ez","Tiempo de lectura":"2 minutos"},"schema":{"@context":"https:\/\/schema.org","@graph":[{"@type":"Article","@id":"https:\/\/infocuatro.com\/?p=8810#article","isPartOf":{"@id":"https:\/\/infocuatro.com\/?p=8810"},"author":{"name":"Arnaldo N\u00fa\u00f1ez","@id":"https:\/\/infocuatro.com\/#\/schema\/person\/560f9b4fb1043ae9c42c5c718f3fcc65"},"headline":"Pol\u00e9mica con TikTok en Estados Unidos:\u00a0usuarios abandonan la app tras el nuevo acuerdo por el uso de datos personales","datePublished":"2026-01-27T23:53:36+00:00","dateModified":"2026-01-27T23:53:39+00:00","mainEntityOfPage":{"@id":"https:\/\/infocuatro.com\/?p=8810"},"wordCount":358,"publisher":{"@id":"https:\/\/infocuatro.com\/#organization"},"image":{"@id":"https:\/\/infocuatro.com\/?p=8810#primaryimage"},"thumbnailUrl":"https:\/\/infocuatro.com\/wp-content\/uploads\/2026\/01\/X6ZA4EZSFNCRTBGJOZCQFCTPM4.avif","articleSection":["Internacionales"],"inLanguage":"es-AR"},{"@type":"WebPage","@id":"https:\/\/infocuatro.com\/?p=8810","url":"https:\/\/infocuatro.com\/?p=8810","name":"Pol\u00e9mica con TikTok en Estados Unidos:\u00a0usuarios abandonan la app tras el nuevo acuerdo por el uso de datos personales - InfoCuatro","isPartOf":{"@id":"https:\/\/infocuatro.com\/#website"},"primaryImageOfPage":{"@id":"https:\/\/infocuatro.com\/?p=8810#primaryimage"},"image":{"@id":"https:\/\/infocuatro.com\/?p=8810#primaryimage"},"thumbnailUrl":"https:\/\/infocuatro.com\/wp-content\/uploads\/2026\/01\/X6ZA4EZSFNCRTBGJOZCQFCTPM4.avif","datePublished":"2026-01-27T23:53:36+00:00","dateModified":"2026-01-27T23:53:39+00:00","breadcrumb":{"@id":"https:\/\/infocuatro.com\/?p=8810#breadcrumb"},"inLanguage":"es-AR","potentialAction":[{"@type":"ReadAction","target":["https:\/\/infocuatro.com\/?p=8810"]}]},{"@type":"ImageObject","inLanguage":"es-AR","@id":"https:\/\/infocuatro.com\/?p=8810#primaryimage","url":"https:\/\/infocuatro.com\/wp-content\/uploads\/2026\/01\/X6ZA4EZSFNCRTBGJOZCQFCTPM4.avif","contentUrl":"https:\/\/infocuatro.com\/wp-content\/uploads\/2026\/01\/X6ZA4EZSFNCRTBGJOZCQFCTPM4.avif","width":950,"height":534},{"@type":"BreadcrumbList","@id":"https:\/\/infocuatro.com\/?p=8810#breadcrumb","itemListElement":[{"@type":"ListItem","position":1,"name":"Inicio","item":"https:\/\/infocuatro.com\/"},{"@type":"ListItem","position":2,"name":"Pol\u00e9mica con TikTok en Estados Unidos:\u00a0usuarios abandonan la app tras el nuevo acuerdo por el uso de datos personales"}]},{"@type":"WebSite","@id":"https:\/\/infocuatro.com\/#website","url":"https:\/\/infocuatro.com\/","name":"InfoCuatro","description":"","publisher":{"@id":"https:\/\/infocuatro.com\/#organization"},"potentialAction":[{"@type":"SearchAction","target":{"@type":"EntryPoint","urlTemplate":"https:\/\/infocuatro.com\/?s={search_term_string}"},"query-input":{"@type":"PropertyValueSpecification","valueRequired":true,"valueName":"search_term_string"}}],"inLanguage":"es-AR"},{"@type":"Organization","@id":"https:\/\/infocuatro.com\/#organization","name":"InfoCuatro","url":"https:\/\/infocuatro.com\/","logo":{"@type":"ImageObject","inLanguage":"es-AR","@id":"https:\/\/infocuatro.com\/#\/schema\/logo\/image\/","url":"https:\/\/infocuatro.com\/wp-content\/uploads\/2025\/09\/Logo-original.fw_.png","contentUrl":"https:\/\/infocuatro.com\/wp-content\/uploads\/2025\/09\/Logo-original.fw_.png","width":500,"height":500,"caption":"InfoCuatro"},"image":{"@id":"https:\/\/infocuatro.com\/#\/schema\/logo\/image\/"},"sameAs":["https:\/\/www.facebook.com\/infocuatro.noticias","https:\/\/x.com\/InfoCuatro","https:\/\/www.instagram.com\/infocuatro","https:\/\/mastodon.social\/@infocuatro","https:\/\/www.youtube.com\/@InfoCuatro","https:\/\/www.tiktok.com\/@infocuatro"]},{"@type":"Person","@id":"https:\/\/infocuatro.com\/#\/schema\/person\/560f9b4fb1043ae9c42c5c718f3fcc65","name":"Arnaldo N\u00fa\u00f1ez","image":{"@type":"ImageObject","inLanguage":"es-AR","@id":"https:\/\/secure.gravatar.com\/avatar\/63149f8b4b6f9b26dfe253aa95efa81655bb545eec50cc479c690a89ee8df583?s=96&r=g","url":"https:\/\/secure.gravatar.com\/avatar\/63149f8b4b6f9b26dfe253aa95efa81655bb545eec50cc479c690a89ee8df583?s=96&r=g","contentUrl":"https:\/\/secure.gravatar.com\/avatar\/63149f8b4b6f9b26dfe253aa95efa81655bb545eec50cc479c690a89ee8df583?s=96&r=g","caption":"Arnaldo N\u00fa\u00f1ez"},"url":"https:\/\/infocuatro.com\/?author=4"}]}},"_links":{"self":[{"href":"https:\/\/infocuatro.com\/index.php?rest_route=\/wp\/v2\/posts\/8810","targetHints":{"allow":["GET"]}}],"collection":[{"href":"https:\/\/infocuatro.com\/index.php?rest_route=\/wp\/v2\/posts"}],"about":[{"href":"https:\/\/infocuatro.com\/index.php?rest_route=\/wp\/v2\/types\/post"}],"author":[{"embeddable":true,"href":"https:\/\/infocuatro.com\/index.php?rest_route=\/wp\/v2\/users\/4"}],"replies":[{"embeddable":true,"href":"https:\/\/infocuatro.com\/index.php?rest_route=%2Fwp%2Fv2%2Fcomments&post=8810"}],"version-history":[{"count":1,"href":"https:\/\/infocuatro.com\/index.php?rest_route=\/wp\/v2\/posts\/8810\/revisions"}],"predecessor-version":[{"id":8814,"href":"https:\/\/infocuatro.com\/index.php?rest_route=\/wp\/v2\/posts\/8810\/revisions\/8814"}],"wp:featuredmedia":[{"embeddable":true,"href":"https:\/\/infocuatro.com\/index.php?rest_route=\/wp\/v2\/media\/8811"}],"wp:attachment":[{"href":"https:\/\/infocuatro.com\/index.php?rest_route=%2Fwp%2Fv2%2Fmedia&parent=8810"}],"wp:term":[{"taxonomy":"category","embeddable":true,"href":"https:\/\/infocuatro.com\/index.php?rest_route=%2Fwp%2Fv2%2Fcategories&post=8810"},{"taxonomy":"post_tag","embeddable":true,"href":"https:\/\/infocuatro.com\/index.php?rest_route=%2Fwp%2Fv2%2Ftags&post=8810"}],"curies":[{"name":"wp","href":"https:\/\/api.w.org\/{rel}","templated":true}]}}