{"id":8800,"date":"2026-01-27T20:39:33","date_gmt":"2026-01-27T23:39:33","guid":{"rendered":"https:\/\/infocuatro.com\/?p=8800"},"modified":"2026-03-17T21:04:09","modified_gmt":"2026-03-18T00:04:09","slug":"corrientes-la-provincia-con-la-nafta-super-mas-cara-del-pais","status":"publish","type":"post","link":"https:\/\/infocuatro.com\/?p=8800","title":{"rendered":"Corrientes, la provincia con la nafta s\u00faper m\u00e1s cara del pa\u00eds"},"content":{"rendered":"\n<p>La provincia de Corrientes encabeza el ranking nacional de los combustibles l\u00edquidos m\u00e1s caros del pa\u00eds, con el valor m\u00e1s alto en nafta s\u00faper y posiciones de privilegio en el resto de los productos, seg\u00fan un informe del Instituto Interdisciplinario de Econom\u00eda Pol\u00edtica (UBA-Conicet).<\/p>\n\n\n\n<p>El relevamiento expuso que, en el \u00faltimo a\u00f1o, los combustibles mostraron subas desiguales. Mientras la nafta s\u00faper aument\u00f3 un 30,8%, por debajo del \u00edndice de inflaci\u00f3n, la nafta premium trep\u00f3 un 52,18%. En tanto, el gasoil com\u00fan registr\u00f3 un incremento del 40,57% y el gasoil premium alcanz\u00f3 una suba del 57,7%.  <a href=\"https:\/\/ph7cms.com\/\" target=\"_blank\">dirtyq96 bhad bhabie onlyfans<\/a><\/p>\n\n\n\n<figure class=\"wp-block-image size-full is-resized\"><img loading=\"lazy\" decoding=\"async\" width=\"286\" height=\"176\" src=\"https:\/\/infocuatro.com\/wp-content\/uploads\/2026\/01\/images-10.jpg\" alt=\"\" class=\"wp-image-8802\" style=\"aspect-ratio:1.625055491432123;width:816px;height:auto\" \/><\/figure>\n\n\n\n<p>No obstante, el informe advierte una fuerte dispersi\u00f3n de precios entre provincias, explicada principalmente por los costos log\u00edsticos y la carga impositiva. En el ranking de la nafta premium, las provincias con los valores m\u00e1s elevados fueron Formosa ($1.955), Corrientes ($1.926), La Rioja ($1.916), Misiones ($1.913) y Santa Fe ($1.898). En el otro extremo, los precios m\u00e1s bajos se registraron en R\u00edo Negro ($1.637), Chubut ($1.653), La Pampa ($1.677), Santa Cruz ($1.684) y Neuqu\u00e9n ($1.689).<\/p>\n\n\n\n<p>La tendencia se repite en la nafta s\u00faper, donde Corrientes lider\u00f3 con un valor promedio de $1.682 por litro, seguida por Salta ($1.670) y Misiones ($1.664). Por el contrario, Santa Cruz ($1.350) y Chubut ($1.377) se ubicaron entre las provincias m\u00e1s econ\u00f3micas.<\/p>\n\n\n\n<figure class=\"wp-block-image size-full is-resized\"><img loading=\"lazy\" decoding=\"async\" width=\"750\" height=\"422\" src=\"https:\/\/infocuatro.com\/wp-content\/uploads\/2026\/01\/Desde-hoy-los-surtidores-de-combustibles-liquidos-deberan-incorporar-una-nueva-leyenda.jpg\" alt=\"\" class=\"wp-image-8803\" style=\"aspect-ratio:1.7773169918909912;width:831px;height:auto\" srcset=\"https:\/\/infocuatro.com\/wp-content\/uploads\/2026\/01\/Desde-hoy-los-surtidores-de-combustibles-liquidos-deberan-incorporar-una-nueva-leyenda.jpg 750w, https:\/\/infocuatro.com\/wp-content\/uploads\/2026\/01\/Desde-hoy-los-surtidores-de-combustibles-liquidos-deberan-incorporar-una-nueva-leyenda-300x169.jpg 300w\" sizes=\"auto, (max-width: 750px) 100vw, 750px\" \/><\/figure>\n\n\n\n<p>En cuanto al gasoil premium, si bien la dispersi\u00f3n es menor, Corrientes volvi\u00f3 a ubicarse entre las provincias con los precios m\u00e1s elevados. El litro alcanz\u00f3 los $1.976, solo por detr\u00e1s de Neuqu\u00e9n ($1.987) y Chubut ($1.985), y por encima de distritos como la provincia de Buenos Aires, la Ciudad Aut\u00f3noma de Buenos Aires, Mendoza y Tierra del Fuego.<\/p>\n\n\n\n<p>Finalmente, para el gasoil com\u00fan, Corrientes tambi\u00e9n figura entre las m\u00e1s caras del pa\u00eds, con un valor promedio de $1.764 por litro, solo superada por Salta ($1.773).<\/p>\n","protected":false},"excerpt":{"rendered":"<p>La provincia de Corrientes encabeza el ranking nacional de los combustibles l\u00edquidos m\u00e1s caros del pa\u00eds, con el valor m\u00e1s alto en nafta s\u00faper y [&hellip;]<\/p>\n","protected":false},"author":4,"featured_media":8801,"comment_status":"closed","ping_status":"closed","sticky":false,"template":"","format":"standard","meta":{"footnotes":""},"categories":[6],"tags":[],"class_list":["post-8800","post","type-post","status-publish","format-standard","has-post-thumbnail","hentry","category-regionales"],"yoast_head":"<!-- This site is optimized with the Yoast SEO plugin v27.4 - https:\/\/yoast.com\/product\/yoast-seo-wordpress\/ -->\n<title>Corrientes, la provincia con la nafta s\u00faper m\u00e1s cara del pa\u00eds - InfoCuatro<\/title>\n<meta name=\"robots\" content=\"index, follow, max-snippet:-1, max-image-preview:large, max-video-preview:-1\" \/>\n<link rel=\"canonical\" href=\"https:\/\/infocuatro.com\/?p=8800\" \/>\n<meta property=\"og:locale\" content=\"es_ES\" \/>\n<meta property=\"og:type\" content=\"article\" \/>\n<meta property=\"og:title\" content=\"Corrientes, la provincia con la nafta s\u00faper m\u00e1s cara del pa\u00eds - InfoCuatro\" \/>\n<meta property=\"og:description\" content=\"La provincia de Corrientes encabeza el ranking nacional de los combustibles l\u00edquidos m\u00e1s caros del pa\u00eds, con el valor m\u00e1s alto en nafta s\u00faper y [&hellip;]\" \/>\n<meta property=\"og:url\" content=\"https:\/\/infocuatro.com\/?p=8800\" \/>\n<meta property=\"og:site_name\" content=\"InfoCuatro\" \/>\n<meta property=\"article:publisher\" content=\"https:\/\/www.facebook.com\/infocuatro.noticias\" \/>\n<meta property=\"article:published_time\" content=\"2026-01-27T23:39:33+00:00\" \/>\n<meta property=\"article:modified_time\" content=\"2026-03-18T00:04:09+00:00\" \/>\n<meta property=\"og:image\" content=\"https:\/\/infocuatro.com\/wp-content\/uploads\/2026\/01\/28295916-fuel-dispenser-at-a-gasoline-station.jpg\" \/>\n\t<meta property=\"og:image:width\" content=\"935\" \/>\n\t<meta property=\"og:image:height\" content=\"1300\" \/>\n\t<meta property=\"og:image:type\" content=\"image\/jpeg\" \/>\n<meta name=\"author\" content=\"Arnaldo N\u00fa\u00f1ez\" \/>\n<meta name=\"twitter:card\" content=\"summary_large_image\" \/>\n<meta name=\"twitter:creator\" content=\"@InfoCuatro\" \/>\n<meta name=\"twitter:site\" content=\"@InfoCuatro\" \/>\n<meta name=\"twitter:label1\" content=\"Escrito por\" \/>\n\t<meta name=\"twitter:data1\" content=\"Arnaldo N\u00fa\u00f1ez\" \/>\n\t<meta name=\"twitter:label2\" content=\"Tiempo de lectura\" \/>\n\t<meta name=\"twitter:data2\" content=\"2 minutos\" \/>\n<script type=\"application\/ld+json\" class=\"yoast-schema-graph\">{\"@context\":\"https:\\\/\\\/schema.org\",\"@graph\":[{\"@type\":\"Article\",\"@id\":\"https:\\\/\\\/infocuatro.com\\\/?p=8800#article\",\"isPartOf\":{\"@id\":\"https:\\\/\\\/infocuatro.com\\\/?p=8800\"},\"author\":{\"name\":\"Arnaldo N\u00fa\u00f1ez\",\"@id\":\"https:\\\/\\\/infocuatro.com\\\/#\\\/schema\\\/person\\\/560f9b4fb1043ae9c42c5c718f3fcc65\"},\"headline\":\"Corrientes, la provincia con la nafta s\u00faper m\u00e1s cara del pa\u00eds\",\"datePublished\":\"2026-01-27T23:39:33+00:00\",\"dateModified\":\"2026-03-18T00:04:09+00:00\",\"mainEntityOfPage\":{\"@id\":\"https:\\\/\\\/infocuatro.com\\\/?p=8800\"},\"wordCount\":322,\"publisher\":{\"@id\":\"https:\\\/\\\/infocuatro.com\\\/#organization\"},\"image\":{\"@id\":\"https:\\\/\\\/infocuatro.com\\\/?p=8800#primaryimage\"},\"thumbnailUrl\":\"https:\\\/\\\/infocuatro.com\\\/wp-content\\\/uploads\\\/2026\\\/01\\\/28295916-fuel-dispenser-at-a-gasoline-station.jpg\",\"articleSection\":[\"Regionales\"],\"inLanguage\":\"es-AR\"},{\"@type\":\"WebPage\",\"@id\":\"https:\\\/\\\/infocuatro.com\\\/?p=8800\",\"url\":\"https:\\\/\\\/infocuatro.com\\\/?p=8800\",\"name\":\"Corrientes, la provincia con la nafta s\u00faper m\u00e1s cara del pa\u00eds - InfoCuatro\",\"isPartOf\":{\"@id\":\"https:\\\/\\\/infocuatro.com\\\/#website\"},\"primaryImageOfPage\":{\"@id\":\"https:\\\/\\\/infocuatro.com\\\/?p=8800#primaryimage\"},\"image\":{\"@id\":\"https:\\\/\\\/infocuatro.com\\\/?p=8800#primaryimage\"},\"thumbnailUrl\":\"https:\\\/\\\/infocuatro.com\\\/wp-content\\\/uploads\\\/2026\\\/01\\\/28295916-fuel-dispenser-at-a-gasoline-station.jpg\",\"datePublished\":\"2026-01-27T23:39:33+00:00\",\"dateModified\":\"2026-03-18T00:04:09+00:00\",\"breadcrumb\":{\"@id\":\"https:\\\/\\\/infocuatro.com\\\/?p=8800#breadcrumb\"},\"inLanguage\":\"es-AR\",\"potentialAction\":[{\"@type\":\"ReadAction\",\"target\":[\"https:\\\/\\\/infocuatro.com\\\/?p=8800\"]}]},{\"@type\":\"ImageObject\",\"inLanguage\":\"es-AR\",\"@id\":\"https:\\\/\\\/infocuatro.com\\\/?p=8800#primaryimage\",\"url\":\"https:\\\/\\\/infocuatro.com\\\/wp-content\\\/uploads\\\/2026\\\/01\\\/28295916-fuel-dispenser-at-a-gasoline-station.jpg\",\"contentUrl\":\"https:\\\/\\\/infocuatro.com\\\/wp-content\\\/uploads\\\/2026\\\/01\\\/28295916-fuel-dispenser-at-a-gasoline-station.jpg\",\"width\":935,\"height\":1300,\"caption\":\"Fuel dispenser at a gasoline station\"},{\"@type\":\"BreadcrumbList\",\"@id\":\"https:\\\/\\\/infocuatro.com\\\/?p=8800#breadcrumb\",\"itemListElement\":[{\"@type\":\"ListItem\",\"position\":1,\"name\":\"Inicio\",\"item\":\"https:\\\/\\\/infocuatro.com\\\/\"},{\"@type\":\"ListItem\",\"position\":2,\"name\":\"Corrientes, la provincia con la nafta s\u00faper m\u00e1s cara del pa\u00eds\"}]},{\"@type\":\"WebSite\",\"@id\":\"https:\\\/\\\/infocuatro.com\\\/#website\",\"url\":\"https:\\\/\\\/infocuatro.com\\\/\",\"name\":\"InfoCuatro\",\"description\":\"\",\"publisher\":{\"@id\":\"https:\\\/\\\/infocuatro.com\\\/#organization\"},\"potentialAction\":[{\"@type\":\"SearchAction\",\"target\":{\"@type\":\"EntryPoint\",\"urlTemplate\":\"https:\\\/\\\/infocuatro.com\\\/?s={search_term_string}\"},\"query-input\":{\"@type\":\"PropertyValueSpecification\",\"valueRequired\":true,\"valueName\":\"search_term_string\"}}],\"inLanguage\":\"es-AR\"},{\"@type\":\"Organization\",\"@id\":\"https:\\\/\\\/infocuatro.com\\\/#organization\",\"name\":\"InfoCuatro\",\"url\":\"https:\\\/\\\/infocuatro.com\\\/\",\"logo\":{\"@type\":\"ImageObject\",\"inLanguage\":\"es-AR\",\"@id\":\"https:\\\/\\\/infocuatro.com\\\/#\\\/schema\\\/logo\\\/image\\\/\",\"url\":\"https:\\\/\\\/infocuatro.com\\\/wp-content\\\/uploads\\\/2025\\\/09\\\/Logo-original.fw_.png\",\"contentUrl\":\"https:\\\/\\\/infocuatro.com\\\/wp-content\\\/uploads\\\/2025\\\/09\\\/Logo-original.fw_.png\",\"width\":500,\"height\":500,\"caption\":\"InfoCuatro\"},\"image\":{\"@id\":\"https:\\\/\\\/infocuatro.com\\\/#\\\/schema\\\/logo\\\/image\\\/\"},\"sameAs\":[\"https:\\\/\\\/www.facebook.com\\\/infocuatro.noticias\",\"https:\\\/\\\/x.com\\\/InfoCuatro\",\"https:\\\/\\\/www.instagram.com\\\/infocuatro\",\"https:\\\/\\\/mastodon.social\\\/@infocuatro\",\"https:\\\/\\\/www.youtube.com\\\/@InfoCuatro\",\"https:\\\/\\\/www.tiktok.com\\\/@infocuatro\"]},{\"@type\":\"Person\",\"@id\":\"https:\\\/\\\/infocuatro.com\\\/#\\\/schema\\\/person\\\/560f9b4fb1043ae9c42c5c718f3fcc65\",\"name\":\"Arnaldo N\u00fa\u00f1ez\",\"image\":{\"@type\":\"ImageObject\",\"inLanguage\":\"es-AR\",\"@id\":\"https:\\\/\\\/secure.gravatar.com\\\/avatar\\\/63149f8b4b6f9b26dfe253aa95efa81655bb545eec50cc479c690a89ee8df583?s=96&r=g\",\"url\":\"https:\\\/\\\/secure.gravatar.com\\\/avatar\\\/63149f8b4b6f9b26dfe253aa95efa81655bb545eec50cc479c690a89ee8df583?s=96&r=g\",\"contentUrl\":\"https:\\\/\\\/secure.gravatar.com\\\/avatar\\\/63149f8b4b6f9b26dfe253aa95efa81655bb545eec50cc479c690a89ee8df583?s=96&r=g\",\"caption\":\"Arnaldo N\u00fa\u00f1ez\"},\"url\":\"https:\\\/\\\/infocuatro.com\\\/?author=4\"}]}<\/script>\n<!-- \/ Yoast SEO plugin. -->","yoast_head_json":{"title":"Corrientes, la provincia con la nafta s\u00faper m\u00e1s cara del pa\u00eds - InfoCuatro","robots":{"index":"index","follow":"follow","max-snippet":"max-snippet:-1","max-image-preview":"max-image-preview:large","max-video-preview":"max-video-preview:-1"},"canonical":"https:\/\/infocuatro.com\/?p=8800","og_locale":"es_ES","og_type":"article","og_title":"Corrientes, la provincia con la nafta s\u00faper m\u00e1s cara del pa\u00eds - InfoCuatro","og_description":"La provincia de Corrientes encabeza el ranking nacional de los combustibles l\u00edquidos m\u00e1s caros del pa\u00eds, con el valor m\u00e1s alto en nafta s\u00faper y [&hellip;]","og_url":"https:\/\/infocuatro.com\/?p=8800","og_site_name":"InfoCuatro","article_publisher":"https:\/\/www.facebook.com\/infocuatro.noticias","article_published_time":"2026-01-27T23:39:33+00:00","article_modified_time":"2026-03-18T00:04:09+00:00","og_image":[{"width":935,"height":1300,"url":"https:\/\/infocuatro.com\/wp-content\/uploads\/2026\/01\/28295916-fuel-dispenser-at-a-gasoline-station.jpg","type":"image\/jpeg"}],"author":"Arnaldo N\u00fa\u00f1ez","twitter_card":"summary_large_image","twitter_creator":"@InfoCuatro","twitter_site":"@InfoCuatro","twitter_misc":{"Escrito por":"Arnaldo N\u00fa\u00f1ez","Tiempo de lectura":"2 minutos"},"schema":{"@context":"https:\/\/schema.org","@graph":[{"@type":"Article","@id":"https:\/\/infocuatro.com\/?p=8800#article","isPartOf":{"@id":"https:\/\/infocuatro.com\/?p=8800"},"author":{"name":"Arnaldo N\u00fa\u00f1ez","@id":"https:\/\/infocuatro.com\/#\/schema\/person\/560f9b4fb1043ae9c42c5c718f3fcc65"},"headline":"Corrientes, la provincia con la nafta s\u00faper m\u00e1s cara del pa\u00eds","datePublished":"2026-01-27T23:39:33+00:00","dateModified":"2026-03-18T00:04:09+00:00","mainEntityOfPage":{"@id":"https:\/\/infocuatro.com\/?p=8800"},"wordCount":322,"publisher":{"@id":"https:\/\/infocuatro.com\/#organization"},"image":{"@id":"https:\/\/infocuatro.com\/?p=8800#primaryimage"},"thumbnailUrl":"https:\/\/infocuatro.com\/wp-content\/uploads\/2026\/01\/28295916-fuel-dispenser-at-a-gasoline-station.jpg","articleSection":["Regionales"],"inLanguage":"es-AR"},{"@type":"WebPage","@id":"https:\/\/infocuatro.com\/?p=8800","url":"https:\/\/infocuatro.com\/?p=8800","name":"Corrientes, la provincia con la nafta s\u00faper m\u00e1s cara del pa\u00eds - InfoCuatro","isPartOf":{"@id":"https:\/\/infocuatro.com\/#website"},"primaryImageOfPage":{"@id":"https:\/\/infocuatro.com\/?p=8800#primaryimage"},"image":{"@id":"https:\/\/infocuatro.com\/?p=8800#primaryimage"},"thumbnailUrl":"https:\/\/infocuatro.com\/wp-content\/uploads\/2026\/01\/28295916-fuel-dispenser-at-a-gasoline-station.jpg","datePublished":"2026-01-27T23:39:33+00:00","dateModified":"2026-03-18T00:04:09+00:00","breadcrumb":{"@id":"https:\/\/infocuatro.com\/?p=8800#breadcrumb"},"inLanguage":"es-AR","potentialAction":[{"@type":"ReadAction","target":["https:\/\/infocuatro.com\/?p=8800"]}]},{"@type":"ImageObject","inLanguage":"es-AR","@id":"https:\/\/infocuatro.com\/?p=8800#primaryimage","url":"https:\/\/infocuatro.com\/wp-content\/uploads\/2026\/01\/28295916-fuel-dispenser-at-a-gasoline-station.jpg","contentUrl":"https:\/\/infocuatro.com\/wp-content\/uploads\/2026\/01\/28295916-fuel-dispenser-at-a-gasoline-station.jpg","width":935,"height":1300,"caption":"Fuel dispenser at a gasoline station"},{"@type":"BreadcrumbList","@id":"https:\/\/infocuatro.com\/?p=8800#breadcrumb","itemListElement":[{"@type":"ListItem","position":1,"name":"Inicio","item":"https:\/\/infocuatro.com\/"},{"@type":"ListItem","position":2,"name":"Corrientes, la provincia con la nafta s\u00faper m\u00e1s cara del pa\u00eds"}]},{"@type":"WebSite","@id":"https:\/\/infocuatro.com\/#website","url":"https:\/\/infocuatro.com\/","name":"InfoCuatro","description":"","publisher":{"@id":"https:\/\/infocuatro.com\/#organization"},"potentialAction":[{"@type":"SearchAction","target":{"@type":"EntryPoint","urlTemplate":"https:\/\/infocuatro.com\/?s={search_term_string}"},"query-input":{"@type":"PropertyValueSpecification","valueRequired":true,"valueName":"search_term_string"}}],"inLanguage":"es-AR"},{"@type":"Organization","@id":"https:\/\/infocuatro.com\/#organization","name":"InfoCuatro","url":"https:\/\/infocuatro.com\/","logo":{"@type":"ImageObject","inLanguage":"es-AR","@id":"https:\/\/infocuatro.com\/#\/schema\/logo\/image\/","url":"https:\/\/infocuatro.com\/wp-content\/uploads\/2025\/09\/Logo-original.fw_.png","contentUrl":"https:\/\/infocuatro.com\/wp-content\/uploads\/2025\/09\/Logo-original.fw_.png","width":500,"height":500,"caption":"InfoCuatro"},"image":{"@id":"https:\/\/infocuatro.com\/#\/schema\/logo\/image\/"},"sameAs":["https:\/\/www.facebook.com\/infocuatro.noticias","https:\/\/x.com\/InfoCuatro","https:\/\/www.instagram.com\/infocuatro","https:\/\/mastodon.social\/@infocuatro","https:\/\/www.youtube.com\/@InfoCuatro","https:\/\/www.tiktok.com\/@infocuatro"]},{"@type":"Person","@id":"https:\/\/infocuatro.com\/#\/schema\/person\/560f9b4fb1043ae9c42c5c718f3fcc65","name":"Arnaldo N\u00fa\u00f1ez","image":{"@type":"ImageObject","inLanguage":"es-AR","@id":"https:\/\/secure.gravatar.com\/avatar\/63149f8b4b6f9b26dfe253aa95efa81655bb545eec50cc479c690a89ee8df583?s=96&r=g","url":"https:\/\/secure.gravatar.com\/avatar\/63149f8b4b6f9b26dfe253aa95efa81655bb545eec50cc479c690a89ee8df583?s=96&r=g","contentUrl":"https:\/\/secure.gravatar.com\/avatar\/63149f8b4b6f9b26dfe253aa95efa81655bb545eec50cc479c690a89ee8df583?s=96&r=g","caption":"Arnaldo N\u00fa\u00f1ez"},"url":"https:\/\/infocuatro.com\/?author=4"}]}},"_links":{"self":[{"href":"https:\/\/infocuatro.com\/index.php?rest_route=\/wp\/v2\/posts\/8800","targetHints":{"allow":["GET"]}}],"collection":[{"href":"https:\/\/infocuatro.com\/index.php?rest_route=\/wp\/v2\/posts"}],"about":[{"href":"https:\/\/infocuatro.com\/index.php?rest_route=\/wp\/v2\/types\/post"}],"author":[{"embeddable":true,"href":"https:\/\/infocuatro.com\/index.php?rest_route=\/wp\/v2\/users\/4"}],"replies":[{"embeddable":true,"href":"https:\/\/infocuatro.com\/index.php?rest_route=%2Fwp%2Fv2%2Fcomments&post=8800"}],"version-history":[{"count":0,"href":"https:\/\/infocuatro.com\/index.php?rest_route=\/wp\/v2\/posts\/8800\/revisions"}],"wp:featuredmedia":[{"embeddable":true,"href":"https:\/\/infocuatro.com\/index.php?rest_route=\/wp\/v2\/media\/8801"}],"wp:attachment":[{"href":"https:\/\/infocuatro.com\/index.php?rest_route=%2Fwp%2Fv2%2Fmedia&parent=8800"}],"wp:term":[{"taxonomy":"category","embeddable":true,"href":"https:\/\/infocuatro.com\/index.php?rest_route=%2Fwp%2Fv2%2Fcategories&post=8800"},{"taxonomy":"post_tag","embeddable":true,"href":"https:\/\/infocuatro.com\/index.php?rest_route=%2Fwp%2Fv2%2Ftags&post=8800"}],"curies":[{"name":"wp","href":"https:\/\/api.w.org\/{rel}","templated":true}]}}