{"id":8792,"date":"2026-01-27T20:24:55","date_gmt":"2026-01-27T23:24:55","guid":{"rendered":"https:\/\/infocuatro.com\/?p=8792"},"modified":"2026-01-27T20:24:56","modified_gmt":"2026-01-27T23:24:56","slug":"plan-diabetes-la-salud-como-punto-critico-de-la-gestion-zdero","status":"publish","type":"post","link":"https:\/\/infocuatro.com\/?p=8792","title":{"rendered":"Plan Diabetes: la Salud como punto cr\u00edtico de la gesti\u00f3n Zdero"},"content":{"rendered":"\n<p>La entrega de medicamentos para personas con diabetes atraviesa una situaci\u00f3n cr\u00edtica en Resistencia y otras localidades del Chaco. La titular de Achasodia,\u00a0Laura \u00c1lvarez, rechaz\u00f3 las versiones oficiales sobre pedidos no retirados y denunci\u00f3 demoras prolongadas, falta de insulina y un sistema que, seg\u00fan afirm\u00f3, termina responsabilizando a los propios pacientes.<\/p>\n\n\n\n<p>En declaraciones radiales y al referirse al mecanismo de retiro en farmacias, cuestion\u00f3 la idea de que los afiliados no buscan su medicaci\u00f3n:\u00a0\u201cCuando uno deja la receta en la farmacia, ellos tienen nuestros n\u00fameros y direcciones. Si quisieran comunicarse pueden hacerlo, pero es rid\u00edculo decir que no retiramos cuando yo hace 15 d\u00edas ped\u00ed mi medicaci\u00f3n y todav\u00eda no lleg\u00f3\u201d.<\/p>\n\n\n\n<figure class=\"wp-block-image size-large\"><img loading=\"lazy\" decoding=\"async\" width=\"1024\" height=\"768\" src=\"https:\/\/infocuatro.com\/wp-content\/uploads\/2026\/01\/whatsapp-image-2025-12-15-at-5-35-41-pm-69407168e0ec4342943414-1024x768.jpeg\" alt=\"\" class=\"wp-image-8794\" srcset=\"https:\/\/infocuatro.com\/wp-content\/uploads\/2026\/01\/whatsapp-image-2025-12-15-at-5-35-41-pm-69407168e0ec4342943414-1024x768.jpeg 1024w, https:\/\/infocuatro.com\/wp-content\/uploads\/2026\/01\/whatsapp-image-2025-12-15-at-5-35-41-pm-69407168e0ec4342943414-300x225.jpeg 300w, https:\/\/infocuatro.com\/wp-content\/uploads\/2026\/01\/whatsapp-image-2025-12-15-at-5-35-41-pm-69407168e0ec4342943414-768x576.jpeg 768w, https:\/\/infocuatro.com\/wp-content\/uploads\/2026\/01\/whatsapp-image-2025-12-15-at-5-35-41-pm-69407168e0ec4342943414.jpeg 1200w\" sizes=\"auto, (max-width: 1024px) 100vw, 1024px\" \/><\/figure>\n\n\n\n<p>Sobre los plazos y vencimientos de los pedidos, explic\u00f3 c\u00f3mo afecta esto a los pacientes y relat\u00f3 una situaci\u00f3n concreta:\u00a0\u201cEl m\u00e9dico hace el pedido y al mes caduca. He visto a una se\u00f1ora que ya ten\u00eda el tercer pedido vencido y le dijeron que tampoco le serv\u00eda. Eso es lo que est\u00e1n haciendo con el paciente de diabetes, lo hacen deambular\u201d.<\/p>\n\n\n\n<p>En ese marco, advirti\u00f3 sobre las consecuencias directas de la falta de insulina y remarc\u00f3 la gravedad del cuadro sanitario:\u00a0\u201cEn diabetes no me extra\u00f1ar\u00eda que haya muertos, porque sin insulina el paciente se muere. No estamos hablando de cualquier cosa, estamos hablando de vida o muerte\u201d.<\/p>\n\n\n\n<p>Finalmente, describi\u00f3 el trabajo solidario que realizan desde la asociaci\u00f3n ante la emergencia:\u00a0\u201cHoy estamos recorriendo casas para buscar insulina que la gente dona. Ya no pido gesti\u00f3n ni eficiencia, lo \u00fanico que pido es piedad, porque nos estamos muriendo\u201d.<\/p>\n","protected":false},"excerpt":{"rendered":"<p>La entrega de medicamentos para personas con diabetes atraviesa una situaci\u00f3n cr\u00edtica en Resistencia y otras localidades del Chaco. La titular de Achasodia,\u00a0Laura \u00c1lvarez, rechaz\u00f3 [&hellip;]<\/p>\n","protected":false},"author":4,"featured_media":8793,"comment_status":"closed","ping_status":"closed","sticky":false,"template":"","format":"standard","meta":{"footnotes":""},"categories":[4],"tags":[],"class_list":["post-8792","post","type-post","status-publish","format-standard","has-post-thumbnail","hentry","category-locales"],"yoast_head":"<!-- This site is optimized with the Yoast SEO plugin v27.5 - https:\/\/yoast.com\/product\/yoast-seo-wordpress\/ -->\n<title>Plan Diabetes: la Salud como punto cr\u00edtico de la gesti\u00f3n Zdero - InfoCuatro<\/title>\n<meta name=\"robots\" content=\"index, follow, max-snippet:-1, max-image-preview:large, max-video-preview:-1\" \/>\n<link rel=\"canonical\" href=\"https:\/\/infocuatro.com\/?p=8792\" \/>\n<meta property=\"og:locale\" content=\"es_ES\" \/>\n<meta property=\"og:type\" content=\"article\" \/>\n<meta property=\"og:title\" content=\"Plan Diabetes: la Salud como punto cr\u00edtico de la gesti\u00f3n Zdero - InfoCuatro\" \/>\n<meta property=\"og:description\" content=\"La entrega de medicamentos para personas con diabetes atraviesa una situaci\u00f3n cr\u00edtica en Resistencia y otras localidades del Chaco. La titular de Achasodia,\u00a0Laura \u00c1lvarez, rechaz\u00f3 [&hellip;]\" \/>\n<meta property=\"og:url\" content=\"https:\/\/infocuatro.com\/?p=8792\" \/>\n<meta property=\"og:site_name\" content=\"InfoCuatro\" \/>\n<meta property=\"article:publisher\" content=\"https:\/\/www.facebook.com\/infocuatro.noticias\" \/>\n<meta property=\"article:published_time\" content=\"2026-01-27T23:24:55+00:00\" \/>\n<meta property=\"article:modified_time\" content=\"2026-01-27T23:24:56+00:00\" \/>\n<meta property=\"og:image\" content=\"https:\/\/infocuatro.com\/wp-content\/uploads\/2026\/01\/387666w380h493c.jpg.webp\" \/>\n\t<meta property=\"og:image:width\" content=\"380\" \/>\n\t<meta property=\"og:image:height\" content=\"493\" \/>\n\t<meta property=\"og:image:type\" content=\"image\/webp\" \/>\n<meta name=\"author\" content=\"Arnaldo N\u00fa\u00f1ez\" \/>\n<meta name=\"twitter:card\" content=\"summary_large_image\" \/>\n<meta name=\"twitter:creator\" content=\"@InfoCuatro\" \/>\n<meta name=\"twitter:site\" content=\"@InfoCuatro\" \/>\n<meta name=\"twitter:label1\" content=\"Escrito por\" \/>\n\t<meta name=\"twitter:data1\" content=\"Arnaldo N\u00fa\u00f1ez\" \/>\n\t<meta name=\"twitter:label2\" content=\"Tiempo de lectura\" \/>\n\t<meta name=\"twitter:data2\" content=\"2 minutos\" \/>\n<script type=\"application\/ld+json\" class=\"yoast-schema-graph\">{\"@context\":\"https:\\\/\\\/schema.org\",\"@graph\":[{\"@type\":\"Article\",\"@id\":\"https:\\\/\\\/infocuatro.com\\\/?p=8792#article\",\"isPartOf\":{\"@id\":\"https:\\\/\\\/infocuatro.com\\\/?p=8792\"},\"author\":{\"name\":\"Arnaldo N\u00fa\u00f1ez\",\"@id\":\"https:\\\/\\\/infocuatro.com\\\/#\\\/schema\\\/person\\\/560f9b4fb1043ae9c42c5c718f3fcc65\"},\"headline\":\"Plan Diabetes: la Salud como punto cr\u00edtico de la gesti\u00f3n Zdero\",\"datePublished\":\"2026-01-27T23:24:55+00:00\",\"dateModified\":\"2026-01-27T23:24:56+00:00\",\"mainEntityOfPage\":{\"@id\":\"https:\\\/\\\/infocuatro.com\\\/?p=8792\"},\"wordCount\":294,\"publisher\":{\"@id\":\"https:\\\/\\\/infocuatro.com\\\/#organization\"},\"image\":{\"@id\":\"https:\\\/\\\/infocuatro.com\\\/?p=8792#primaryimage\"},\"thumbnailUrl\":\"https:\\\/\\\/infocuatro.com\\\/wp-content\\\/uploads\\\/2026\\\/01\\\/387666w380h493c.jpg.webp\",\"articleSection\":[\"Locales\"],\"inLanguage\":\"es-AR\"},{\"@type\":\"WebPage\",\"@id\":\"https:\\\/\\\/infocuatro.com\\\/?p=8792\",\"url\":\"https:\\\/\\\/infocuatro.com\\\/?p=8792\",\"name\":\"Plan Diabetes: la Salud como punto cr\u00edtico de la gesti\u00f3n Zdero - InfoCuatro\",\"isPartOf\":{\"@id\":\"https:\\\/\\\/infocuatro.com\\\/#website\"},\"primaryImageOfPage\":{\"@id\":\"https:\\\/\\\/infocuatro.com\\\/?p=8792#primaryimage\"},\"image\":{\"@id\":\"https:\\\/\\\/infocuatro.com\\\/?p=8792#primaryimage\"},\"thumbnailUrl\":\"https:\\\/\\\/infocuatro.com\\\/wp-content\\\/uploads\\\/2026\\\/01\\\/387666w380h493c.jpg.webp\",\"datePublished\":\"2026-01-27T23:24:55+00:00\",\"dateModified\":\"2026-01-27T23:24:56+00:00\",\"breadcrumb\":{\"@id\":\"https:\\\/\\\/infocuatro.com\\\/?p=8792#breadcrumb\"},\"inLanguage\":\"es-AR\",\"potentialAction\":[{\"@type\":\"ReadAction\",\"target\":[\"https:\\\/\\\/infocuatro.com\\\/?p=8792\"]}]},{\"@type\":\"ImageObject\",\"inLanguage\":\"es-AR\",\"@id\":\"https:\\\/\\\/infocuatro.com\\\/?p=8792#primaryimage\",\"url\":\"https:\\\/\\\/infocuatro.com\\\/wp-content\\\/uploads\\\/2026\\\/01\\\/387666w380h493c.jpg.webp\",\"contentUrl\":\"https:\\\/\\\/infocuatro.com\\\/wp-content\\\/uploads\\\/2026\\\/01\\\/387666w380h493c.jpg.webp\",\"width\":380,\"height\":493},{\"@type\":\"BreadcrumbList\",\"@id\":\"https:\\\/\\\/infocuatro.com\\\/?p=8792#breadcrumb\",\"itemListElement\":[{\"@type\":\"ListItem\",\"position\":1,\"name\":\"Inicio\",\"item\":\"https:\\\/\\\/infocuatro.com\\\/\"},{\"@type\":\"ListItem\",\"position\":2,\"name\":\"Plan Diabetes: la Salud como punto cr\u00edtico de la gesti\u00f3n Zdero\"}]},{\"@type\":\"WebSite\",\"@id\":\"https:\\\/\\\/infocuatro.com\\\/#website\",\"url\":\"https:\\\/\\\/infocuatro.com\\\/\",\"name\":\"InfoCuatro\",\"description\":\"\",\"publisher\":{\"@id\":\"https:\\\/\\\/infocuatro.com\\\/#organization\"},\"potentialAction\":[{\"@type\":\"SearchAction\",\"target\":{\"@type\":\"EntryPoint\",\"urlTemplate\":\"https:\\\/\\\/infocuatro.com\\\/?s={search_term_string}\"},\"query-input\":{\"@type\":\"PropertyValueSpecification\",\"valueRequired\":true,\"valueName\":\"search_term_string\"}}],\"inLanguage\":\"es-AR\"},{\"@type\":\"Organization\",\"@id\":\"https:\\\/\\\/infocuatro.com\\\/#organization\",\"name\":\"InfoCuatro\",\"url\":\"https:\\\/\\\/infocuatro.com\\\/\",\"logo\":{\"@type\":\"ImageObject\",\"inLanguage\":\"es-AR\",\"@id\":\"https:\\\/\\\/infocuatro.com\\\/#\\\/schema\\\/logo\\\/image\\\/\",\"url\":\"https:\\\/\\\/infocuatro.com\\\/wp-content\\\/uploads\\\/2025\\\/09\\\/Logo-original.fw_.png\",\"contentUrl\":\"https:\\\/\\\/infocuatro.com\\\/wp-content\\\/uploads\\\/2025\\\/09\\\/Logo-original.fw_.png\",\"width\":500,\"height\":500,\"caption\":\"InfoCuatro\"},\"image\":{\"@id\":\"https:\\\/\\\/infocuatro.com\\\/#\\\/schema\\\/logo\\\/image\\\/\"},\"sameAs\":[\"https:\\\/\\\/www.facebook.com\\\/infocuatro.noticias\",\"https:\\\/\\\/x.com\\\/InfoCuatro\",\"https:\\\/\\\/www.instagram.com\\\/infocuatro\",\"https:\\\/\\\/mastodon.social\\\/@infocuatro\",\"https:\\\/\\\/www.youtube.com\\\/@InfoCuatro\",\"https:\\\/\\\/www.tiktok.com\\\/@infocuatro\"]},{\"@type\":\"Person\",\"@id\":\"https:\\\/\\\/infocuatro.com\\\/#\\\/schema\\\/person\\\/560f9b4fb1043ae9c42c5c718f3fcc65\",\"name\":\"Arnaldo N\u00fa\u00f1ez\",\"image\":{\"@type\":\"ImageObject\",\"inLanguage\":\"es-AR\",\"@id\":\"https:\\\/\\\/secure.gravatar.com\\\/avatar\\\/63149f8b4b6f9b26dfe253aa95efa81655bb545eec50cc479c690a89ee8df583?s=96&r=g\",\"url\":\"https:\\\/\\\/secure.gravatar.com\\\/avatar\\\/63149f8b4b6f9b26dfe253aa95efa81655bb545eec50cc479c690a89ee8df583?s=96&r=g\",\"contentUrl\":\"https:\\\/\\\/secure.gravatar.com\\\/avatar\\\/63149f8b4b6f9b26dfe253aa95efa81655bb545eec50cc479c690a89ee8df583?s=96&r=g\",\"caption\":\"Arnaldo N\u00fa\u00f1ez\"},\"url\":\"https:\\\/\\\/infocuatro.com\\\/?author=4\"}]}<\/script>\n<!-- \/ Yoast SEO plugin. -->","yoast_head_json":{"title":"Plan Diabetes: la Salud como punto cr\u00edtico de la gesti\u00f3n Zdero - InfoCuatro","robots":{"index":"index","follow":"follow","max-snippet":"max-snippet:-1","max-image-preview":"max-image-preview:large","max-video-preview":"max-video-preview:-1"},"canonical":"https:\/\/infocuatro.com\/?p=8792","og_locale":"es_ES","og_type":"article","og_title":"Plan Diabetes: la Salud como punto cr\u00edtico de la gesti\u00f3n Zdero - InfoCuatro","og_description":"La entrega de medicamentos para personas con diabetes atraviesa una situaci\u00f3n cr\u00edtica en Resistencia y otras localidades del Chaco. La titular de Achasodia,\u00a0Laura \u00c1lvarez, rechaz\u00f3 [&hellip;]","og_url":"https:\/\/infocuatro.com\/?p=8792","og_site_name":"InfoCuatro","article_publisher":"https:\/\/www.facebook.com\/infocuatro.noticias","article_published_time":"2026-01-27T23:24:55+00:00","article_modified_time":"2026-01-27T23:24:56+00:00","og_image":[{"width":380,"height":493,"url":"https:\/\/infocuatro.com\/wp-content\/uploads\/2026\/01\/387666w380h493c.jpg.webp","type":"image\/webp"}],"author":"Arnaldo N\u00fa\u00f1ez","twitter_card":"summary_large_image","twitter_creator":"@InfoCuatro","twitter_site":"@InfoCuatro","twitter_misc":{"Escrito por":"Arnaldo N\u00fa\u00f1ez","Tiempo de lectura":"2 minutos"},"schema":{"@context":"https:\/\/schema.org","@graph":[{"@type":"Article","@id":"https:\/\/infocuatro.com\/?p=8792#article","isPartOf":{"@id":"https:\/\/infocuatro.com\/?p=8792"},"author":{"name":"Arnaldo N\u00fa\u00f1ez","@id":"https:\/\/infocuatro.com\/#\/schema\/person\/560f9b4fb1043ae9c42c5c718f3fcc65"},"headline":"Plan Diabetes: la Salud como punto cr\u00edtico de la gesti\u00f3n Zdero","datePublished":"2026-01-27T23:24:55+00:00","dateModified":"2026-01-27T23:24:56+00:00","mainEntityOfPage":{"@id":"https:\/\/infocuatro.com\/?p=8792"},"wordCount":294,"publisher":{"@id":"https:\/\/infocuatro.com\/#organization"},"image":{"@id":"https:\/\/infocuatro.com\/?p=8792#primaryimage"},"thumbnailUrl":"https:\/\/infocuatro.com\/wp-content\/uploads\/2026\/01\/387666w380h493c.jpg.webp","articleSection":["Locales"],"inLanguage":"es-AR"},{"@type":"WebPage","@id":"https:\/\/infocuatro.com\/?p=8792","url":"https:\/\/infocuatro.com\/?p=8792","name":"Plan Diabetes: la Salud como punto cr\u00edtico de la gesti\u00f3n Zdero - InfoCuatro","isPartOf":{"@id":"https:\/\/infocuatro.com\/#website"},"primaryImageOfPage":{"@id":"https:\/\/infocuatro.com\/?p=8792#primaryimage"},"image":{"@id":"https:\/\/infocuatro.com\/?p=8792#primaryimage"},"thumbnailUrl":"https:\/\/infocuatro.com\/wp-content\/uploads\/2026\/01\/387666w380h493c.jpg.webp","datePublished":"2026-01-27T23:24:55+00:00","dateModified":"2026-01-27T23:24:56+00:00","breadcrumb":{"@id":"https:\/\/infocuatro.com\/?p=8792#breadcrumb"},"inLanguage":"es-AR","potentialAction":[{"@type":"ReadAction","target":["https:\/\/infocuatro.com\/?p=8792"]}]},{"@type":"ImageObject","inLanguage":"es-AR","@id":"https:\/\/infocuatro.com\/?p=8792#primaryimage","url":"https:\/\/infocuatro.com\/wp-content\/uploads\/2026\/01\/387666w380h493c.jpg.webp","contentUrl":"https:\/\/infocuatro.com\/wp-content\/uploads\/2026\/01\/387666w380h493c.jpg.webp","width":380,"height":493},{"@type":"BreadcrumbList","@id":"https:\/\/infocuatro.com\/?p=8792#breadcrumb","itemListElement":[{"@type":"ListItem","position":1,"name":"Inicio","item":"https:\/\/infocuatro.com\/"},{"@type":"ListItem","position":2,"name":"Plan Diabetes: la Salud como punto cr\u00edtico de la gesti\u00f3n Zdero"}]},{"@type":"WebSite","@id":"https:\/\/infocuatro.com\/#website","url":"https:\/\/infocuatro.com\/","name":"InfoCuatro","description":"","publisher":{"@id":"https:\/\/infocuatro.com\/#organization"},"potentialAction":[{"@type":"SearchAction","target":{"@type":"EntryPoint","urlTemplate":"https:\/\/infocuatro.com\/?s={search_term_string}"},"query-input":{"@type":"PropertyValueSpecification","valueRequired":true,"valueName":"search_term_string"}}],"inLanguage":"es-AR"},{"@type":"Organization","@id":"https:\/\/infocuatro.com\/#organization","name":"InfoCuatro","url":"https:\/\/infocuatro.com\/","logo":{"@type":"ImageObject","inLanguage":"es-AR","@id":"https:\/\/infocuatro.com\/#\/schema\/logo\/image\/","url":"https:\/\/infocuatro.com\/wp-content\/uploads\/2025\/09\/Logo-original.fw_.png","contentUrl":"https:\/\/infocuatro.com\/wp-content\/uploads\/2025\/09\/Logo-original.fw_.png","width":500,"height":500,"caption":"InfoCuatro"},"image":{"@id":"https:\/\/infocuatro.com\/#\/schema\/logo\/image\/"},"sameAs":["https:\/\/www.facebook.com\/infocuatro.noticias","https:\/\/x.com\/InfoCuatro","https:\/\/www.instagram.com\/infocuatro","https:\/\/mastodon.social\/@infocuatro","https:\/\/www.youtube.com\/@InfoCuatro","https:\/\/www.tiktok.com\/@infocuatro"]},{"@type":"Person","@id":"https:\/\/infocuatro.com\/#\/schema\/person\/560f9b4fb1043ae9c42c5c718f3fcc65","name":"Arnaldo N\u00fa\u00f1ez","image":{"@type":"ImageObject","inLanguage":"es-AR","@id":"https:\/\/secure.gravatar.com\/avatar\/63149f8b4b6f9b26dfe253aa95efa81655bb545eec50cc479c690a89ee8df583?s=96&r=g","url":"https:\/\/secure.gravatar.com\/avatar\/63149f8b4b6f9b26dfe253aa95efa81655bb545eec50cc479c690a89ee8df583?s=96&r=g","contentUrl":"https:\/\/secure.gravatar.com\/avatar\/63149f8b4b6f9b26dfe253aa95efa81655bb545eec50cc479c690a89ee8df583?s=96&r=g","caption":"Arnaldo N\u00fa\u00f1ez"},"url":"https:\/\/infocuatro.com\/?author=4"}]}},"_links":{"self":[{"href":"https:\/\/infocuatro.com\/index.php?rest_route=\/wp\/v2\/posts\/8792","targetHints":{"allow":["GET"]}}],"collection":[{"href":"https:\/\/infocuatro.com\/index.php?rest_route=\/wp\/v2\/posts"}],"about":[{"href":"https:\/\/infocuatro.com\/index.php?rest_route=\/wp\/v2\/types\/post"}],"author":[{"embeddable":true,"href":"https:\/\/infocuatro.com\/index.php?rest_route=\/wp\/v2\/users\/4"}],"replies":[{"embeddable":true,"href":"https:\/\/infocuatro.com\/index.php?rest_route=%2Fwp%2Fv2%2Fcomments&post=8792"}],"version-history":[{"count":1,"href":"https:\/\/infocuatro.com\/index.php?rest_route=\/wp\/v2\/posts\/8792\/revisions"}],"predecessor-version":[{"id":8795,"href":"https:\/\/infocuatro.com\/index.php?rest_route=\/wp\/v2\/posts\/8792\/revisions\/8795"}],"wp:featuredmedia":[{"embeddable":true,"href":"https:\/\/infocuatro.com\/index.php?rest_route=\/wp\/v2\/media\/8793"}],"wp:attachment":[{"href":"https:\/\/infocuatro.com\/index.php?rest_route=%2Fwp%2Fv2%2Fmedia&parent=8792"}],"wp:term":[{"taxonomy":"category","embeddable":true,"href":"https:\/\/infocuatro.com\/index.php?rest_route=%2Fwp%2Fv2%2Fcategories&post=8792"},{"taxonomy":"post_tag","embeddable":true,"href":"https:\/\/infocuatro.com\/index.php?rest_route=%2Fwp%2Fv2%2Ftags&post=8792"}],"curies":[{"name":"wp","href":"https:\/\/api.w.org\/{rel}","templated":true}]}}