{"id":8775,"date":"2026-01-26T12:24:29","date_gmt":"2026-01-26T15:24:29","guid":{"rendered":"https:\/\/infocuatro.com\/?p=8775"},"modified":"2026-01-26T12:24:30","modified_gmt":"2026-01-26T15:24:30","slug":"feriado-de-carnaval-2026-que-dias-de-febrero-cae-y-como-sera-el-primer-fin-de-semana-largo-del-ano","status":"publish","type":"post","link":"https:\/\/infocuatro.com\/?p=8775","title":{"rendered":"Feriado de Carnaval 2026:\u00a0qu\u00e9 d\u00edas de febrero cae y c\u00f3mo ser\u00e1 el primer fin de semana largo del a\u00f1o"},"content":{"rendered":"\n<p>El calendario de feriados 2026\u00a0en Argentina ya permite anticipar uno de los descansos m\u00e1s esperados del a\u00f1o:\u00a0el del Carnaval,  que se celebrar\u00e1 los d\u00edas lunes 16 y martes 17 de febrero. Estas fechas forman parte de los\u00a0feriados nacionales inamovibles\u00a0programados para el pr\u00f3ximo a\u00f1o, lo que garantiza la vigencia de dos d\u00edas completos de descanso consecutivos.<\/p>\n\n\n\n<figure class=\"wp-block-image size-large\"><img loading=\"lazy\" decoding=\"async\" width=\"1024\" height=\"576\" src=\"https:\/\/infocuatro.com\/wp-content\/uploads\/2026\/01\/carnaval-gualeguaychu-2-1024x576.jpg\" alt=\"\" class=\"wp-image-8777\" srcset=\"https:\/\/infocuatro.com\/wp-content\/uploads\/2026\/01\/carnaval-gualeguaychu-2-1024x576.jpg 1024w, https:\/\/infocuatro.com\/wp-content\/uploads\/2026\/01\/carnaval-gualeguaychu-2-300x169.jpg 300w, https:\/\/infocuatro.com\/wp-content\/uploads\/2026\/01\/carnaval-gualeguaychu-2-768x432.jpg 768w, https:\/\/infocuatro.com\/wp-content\/uploads\/2026\/01\/carnaval-gualeguaychu-2-1536x864.jpg 1536w, https:\/\/infocuatro.com\/wp-content\/uploads\/2026\/01\/carnaval-gualeguaychu-2.jpg 1920w\" sizes=\"auto, (max-width: 1024px) 100vw, 1024px\" \/><\/figure>\n\n\n\n<p>Seg\u00fan la configuraci\u00f3n del calendario, el\u00a0feriado de\u00a0Carnaval se combina naturalmente con el s\u00e1bado 14 y el domingo 15 de febrero, lo que permitir\u00e1 disfrutar de un primer fin de semana largo de cuatro d\u00edas del 2026.<\/p>\n\n\n\n<p>La fecha de\u00a0Carnaval\u00a0no es fija cada a\u00f1o, sino que\u00a0se define en relaci\u00f3n con la celebraci\u00f3n de la Semana Santa,\u00a0que a su vez se calcula seg\u00fan el\u00a0calendario lit\u00fargico cristiano. Las jornadas de Carnaval son los dos d\u00edas anteriores al Mi\u00e9rcoles de Ceniza, que marca el inicio de la Cuaresma en la tradici\u00f3n religiosa cat\u00f3lica y se ubican aproximadamente 40 d\u00edas antes del Domingo de Pascua.<\/p>\n\n\n\n<figure class=\"wp-block-image size-large\"><img loading=\"lazy\" decoding=\"async\" width=\"1024\" height=\"576\" src=\"https:\/\/infocuatro.com\/wp-content\/uploads\/2026\/01\/carnaval-argentinajpg-1024x576.webp\" alt=\"\" class=\"wp-image-8778\" srcset=\"https:\/\/infocuatro.com\/wp-content\/uploads\/2026\/01\/carnaval-argentinajpg-1024x576.webp 1024w, https:\/\/infocuatro.com\/wp-content\/uploads\/2026\/01\/carnaval-argentinajpg-300x169.webp 300w, https:\/\/infocuatro.com\/wp-content\/uploads\/2026\/01\/carnaval-argentinajpg-768x432.webp 768w, https:\/\/infocuatro.com\/wp-content\/uploads\/2026\/01\/carnaval-argentinajpg.webp 1200w\" sizes=\"auto, (max-width: 1024px) 100vw, 1024px\" \/><\/figure>\n\n\n\n<p>En\u00a0Argentina, los feriados de\u00a0Carnaval\u00a0son considerados inamovibles, lo que significa que no pueden trasladarse a otra fecha del a\u00f1o y se mantienen en las fechas originales indicadas por el calendario oficial. Esta caracter\u00edstica asegura que el descanso extendido para esa celebraci\u00f3n siempre forme parte del calendario nacional de feriados.<\/p>\n","protected":false},"excerpt":{"rendered":"<p>El calendario de feriados 2026\u00a0en Argentina ya permite anticipar uno de los descansos m\u00e1s esperados del a\u00f1o:\u00a0el del Carnaval, que se celebrar\u00e1 los d\u00edas lunes [&hellip;]<\/p>\n","protected":false},"author":4,"featured_media":8776,"comment_status":"closed","ping_status":"closed","sticky":false,"template":"","format":"standard","meta":{"footnotes":""},"categories":[7],"tags":[],"class_list":["post-8775","post","type-post","status-publish","format-standard","has-post-thumbnail","hentry","category-nacionales"],"yoast_head":"<!-- This site is optimized with the Yoast SEO plugin v27.4 - https:\/\/yoast.com\/product\/yoast-seo-wordpress\/ -->\n<title>Feriado de Carnaval 2026:\u00a0qu\u00e9 d\u00edas de febrero cae y c\u00f3mo ser\u00e1 el primer fin de semana largo del a\u00f1o - InfoCuatro<\/title>\n<meta name=\"robots\" content=\"index, follow, max-snippet:-1, max-image-preview:large, max-video-preview:-1\" \/>\n<link rel=\"canonical\" href=\"https:\/\/infocuatro.com\/?p=8775\" \/>\n<meta property=\"og:locale\" content=\"es_ES\" \/>\n<meta property=\"og:type\" content=\"article\" \/>\n<meta property=\"og:title\" content=\"Feriado de Carnaval 2026:\u00a0qu\u00e9 d\u00edas de febrero cae y c\u00f3mo ser\u00e1 el primer fin de semana largo del a\u00f1o - InfoCuatro\" \/>\n<meta property=\"og:description\" content=\"El calendario de feriados 2026\u00a0en Argentina ya permite anticipar uno de los descansos m\u00e1s esperados del a\u00f1o:\u00a0el del Carnaval, que se celebrar\u00e1 los d\u00edas lunes [&hellip;]\" \/>\n<meta property=\"og:url\" content=\"https:\/\/infocuatro.com\/?p=8775\" \/>\n<meta property=\"og:site_name\" content=\"InfoCuatro\" \/>\n<meta property=\"article:publisher\" content=\"https:\/\/www.facebook.com\/infocuatro.noticias\" \/>\n<meta property=\"article:published_time\" content=\"2026-01-26T15:24:29+00:00\" \/>\n<meta property=\"article:modified_time\" content=\"2026-01-26T15:24:30+00:00\" \/>\n<meta property=\"og:image\" content=\"https:\/\/infocuatro.com\/wp-content\/uploads\/2026\/01\/unnamed.jpg\" \/>\n\t<meta property=\"og:image:width\" content=\"512\" \/>\n\t<meta property=\"og:image:height\" content=\"287\" \/>\n\t<meta property=\"og:image:type\" content=\"image\/jpeg\" \/>\n<meta name=\"author\" content=\"Arnaldo N\u00fa\u00f1ez\" \/>\n<meta name=\"twitter:card\" content=\"summary_large_image\" \/>\n<meta name=\"twitter:creator\" content=\"@InfoCuatro\" \/>\n<meta name=\"twitter:site\" content=\"@InfoCuatro\" \/>\n<meta name=\"twitter:label1\" content=\"Escrito por\" \/>\n\t<meta name=\"twitter:data1\" content=\"Arnaldo N\u00fa\u00f1ez\" \/>\n\t<meta name=\"twitter:label2\" content=\"Tiempo de lectura\" \/>\n\t<meta name=\"twitter:data2\" content=\"2 minutos\" \/>\n<script type=\"application\/ld+json\" class=\"yoast-schema-graph\">{\"@context\":\"https:\\\/\\\/schema.org\",\"@graph\":[{\"@type\":\"Article\",\"@id\":\"https:\\\/\\\/infocuatro.com\\\/?p=8775#article\",\"isPartOf\":{\"@id\":\"https:\\\/\\\/infocuatro.com\\\/?p=8775\"},\"author\":{\"name\":\"Arnaldo N\u00fa\u00f1ez\",\"@id\":\"https:\\\/\\\/infocuatro.com\\\/#\\\/schema\\\/person\\\/560f9b4fb1043ae9c42c5c718f3fcc65\"},\"headline\":\"Feriado de Carnaval 2026:\u00a0qu\u00e9 d\u00edas de febrero cae y c\u00f3mo ser\u00e1 el primer fin de semana largo del a\u00f1o\",\"datePublished\":\"2026-01-26T15:24:29+00:00\",\"dateModified\":\"2026-01-26T15:24:30+00:00\",\"mainEntityOfPage\":{\"@id\":\"https:\\\/\\\/infocuatro.com\\\/?p=8775\"},\"wordCount\":255,\"publisher\":{\"@id\":\"https:\\\/\\\/infocuatro.com\\\/#organization\"},\"image\":{\"@id\":\"https:\\\/\\\/infocuatro.com\\\/?p=8775#primaryimage\"},\"thumbnailUrl\":\"https:\\\/\\\/infocuatro.com\\\/wp-content\\\/uploads\\\/2026\\\/01\\\/unnamed.jpg\",\"articleSection\":[\"Nacionales\"],\"inLanguage\":\"es-AR\"},{\"@type\":\"WebPage\",\"@id\":\"https:\\\/\\\/infocuatro.com\\\/?p=8775\",\"url\":\"https:\\\/\\\/infocuatro.com\\\/?p=8775\",\"name\":\"Feriado de Carnaval 2026:\u00a0qu\u00e9 d\u00edas de febrero cae y c\u00f3mo ser\u00e1 el primer fin de semana largo del a\u00f1o - InfoCuatro\",\"isPartOf\":{\"@id\":\"https:\\\/\\\/infocuatro.com\\\/#website\"},\"primaryImageOfPage\":{\"@id\":\"https:\\\/\\\/infocuatro.com\\\/?p=8775#primaryimage\"},\"image\":{\"@id\":\"https:\\\/\\\/infocuatro.com\\\/?p=8775#primaryimage\"},\"thumbnailUrl\":\"https:\\\/\\\/infocuatro.com\\\/wp-content\\\/uploads\\\/2026\\\/01\\\/unnamed.jpg\",\"datePublished\":\"2026-01-26T15:24:29+00:00\",\"dateModified\":\"2026-01-26T15:24:30+00:00\",\"breadcrumb\":{\"@id\":\"https:\\\/\\\/infocuatro.com\\\/?p=8775#breadcrumb\"},\"inLanguage\":\"es-AR\",\"potentialAction\":[{\"@type\":\"ReadAction\",\"target\":[\"https:\\\/\\\/infocuatro.com\\\/?p=8775\"]}]},{\"@type\":\"ImageObject\",\"inLanguage\":\"es-AR\",\"@id\":\"https:\\\/\\\/infocuatro.com\\\/?p=8775#primaryimage\",\"url\":\"https:\\\/\\\/infocuatro.com\\\/wp-content\\\/uploads\\\/2026\\\/01\\\/unnamed.jpg\",\"contentUrl\":\"https:\\\/\\\/infocuatro.com\\\/wp-content\\\/uploads\\\/2026\\\/01\\\/unnamed.jpg\",\"width\":512,\"height\":287},{\"@type\":\"BreadcrumbList\",\"@id\":\"https:\\\/\\\/infocuatro.com\\\/?p=8775#breadcrumb\",\"itemListElement\":[{\"@type\":\"ListItem\",\"position\":1,\"name\":\"Inicio\",\"item\":\"https:\\\/\\\/infocuatro.com\\\/\"},{\"@type\":\"ListItem\",\"position\":2,\"name\":\"Feriado de Carnaval 2026:\u00a0qu\u00e9 d\u00edas de febrero cae y c\u00f3mo ser\u00e1 el primer fin de semana largo del a\u00f1o\"}]},{\"@type\":\"WebSite\",\"@id\":\"https:\\\/\\\/infocuatro.com\\\/#website\",\"url\":\"https:\\\/\\\/infocuatro.com\\\/\",\"name\":\"InfoCuatro\",\"description\":\"\",\"publisher\":{\"@id\":\"https:\\\/\\\/infocuatro.com\\\/#organization\"},\"potentialAction\":[{\"@type\":\"SearchAction\",\"target\":{\"@type\":\"EntryPoint\",\"urlTemplate\":\"https:\\\/\\\/infocuatro.com\\\/?s={search_term_string}\"},\"query-input\":{\"@type\":\"PropertyValueSpecification\",\"valueRequired\":true,\"valueName\":\"search_term_string\"}}],\"inLanguage\":\"es-AR\"},{\"@type\":\"Organization\",\"@id\":\"https:\\\/\\\/infocuatro.com\\\/#organization\",\"name\":\"InfoCuatro\",\"url\":\"https:\\\/\\\/infocuatro.com\\\/\",\"logo\":{\"@type\":\"ImageObject\",\"inLanguage\":\"es-AR\",\"@id\":\"https:\\\/\\\/infocuatro.com\\\/#\\\/schema\\\/logo\\\/image\\\/\",\"url\":\"https:\\\/\\\/infocuatro.com\\\/wp-content\\\/uploads\\\/2025\\\/09\\\/Logo-original.fw_.png\",\"contentUrl\":\"https:\\\/\\\/infocuatro.com\\\/wp-content\\\/uploads\\\/2025\\\/09\\\/Logo-original.fw_.png\",\"width\":500,\"height\":500,\"caption\":\"InfoCuatro\"},\"image\":{\"@id\":\"https:\\\/\\\/infocuatro.com\\\/#\\\/schema\\\/logo\\\/image\\\/\"},\"sameAs\":[\"https:\\\/\\\/www.facebook.com\\\/infocuatro.noticias\",\"https:\\\/\\\/x.com\\\/InfoCuatro\",\"https:\\\/\\\/www.instagram.com\\\/infocuatro\",\"https:\\\/\\\/mastodon.social\\\/@infocuatro\",\"https:\\\/\\\/www.youtube.com\\\/@InfoCuatro\",\"https:\\\/\\\/www.tiktok.com\\\/@infocuatro\"]},{\"@type\":\"Person\",\"@id\":\"https:\\\/\\\/infocuatro.com\\\/#\\\/schema\\\/person\\\/560f9b4fb1043ae9c42c5c718f3fcc65\",\"name\":\"Arnaldo N\u00fa\u00f1ez\",\"image\":{\"@type\":\"ImageObject\",\"inLanguage\":\"es-AR\",\"@id\":\"https:\\\/\\\/secure.gravatar.com\\\/avatar\\\/63149f8b4b6f9b26dfe253aa95efa81655bb545eec50cc479c690a89ee8df583?s=96&r=g\",\"url\":\"https:\\\/\\\/secure.gravatar.com\\\/avatar\\\/63149f8b4b6f9b26dfe253aa95efa81655bb545eec50cc479c690a89ee8df583?s=96&r=g\",\"contentUrl\":\"https:\\\/\\\/secure.gravatar.com\\\/avatar\\\/63149f8b4b6f9b26dfe253aa95efa81655bb545eec50cc479c690a89ee8df583?s=96&r=g\",\"caption\":\"Arnaldo N\u00fa\u00f1ez\"},\"url\":\"https:\\\/\\\/infocuatro.com\\\/?author=4\"}]}<\/script>\n<!-- \/ Yoast SEO plugin. -->","yoast_head_json":{"title":"Feriado de Carnaval 2026:\u00a0qu\u00e9 d\u00edas de febrero cae y c\u00f3mo ser\u00e1 el primer fin de semana largo del a\u00f1o - InfoCuatro","robots":{"index":"index","follow":"follow","max-snippet":"max-snippet:-1","max-image-preview":"max-image-preview:large","max-video-preview":"max-video-preview:-1"},"canonical":"https:\/\/infocuatro.com\/?p=8775","og_locale":"es_ES","og_type":"article","og_title":"Feriado de Carnaval 2026:\u00a0qu\u00e9 d\u00edas de febrero cae y c\u00f3mo ser\u00e1 el primer fin de semana largo del a\u00f1o - InfoCuatro","og_description":"El calendario de feriados 2026\u00a0en Argentina ya permite anticipar uno de los descansos m\u00e1s esperados del a\u00f1o:\u00a0el del Carnaval, que se celebrar\u00e1 los d\u00edas lunes [&hellip;]","og_url":"https:\/\/infocuatro.com\/?p=8775","og_site_name":"InfoCuatro","article_publisher":"https:\/\/www.facebook.com\/infocuatro.noticias","article_published_time":"2026-01-26T15:24:29+00:00","article_modified_time":"2026-01-26T15:24:30+00:00","og_image":[{"width":512,"height":287,"url":"https:\/\/infocuatro.com\/wp-content\/uploads\/2026\/01\/unnamed.jpg","type":"image\/jpeg"}],"author":"Arnaldo N\u00fa\u00f1ez","twitter_card":"summary_large_image","twitter_creator":"@InfoCuatro","twitter_site":"@InfoCuatro","twitter_misc":{"Escrito por":"Arnaldo N\u00fa\u00f1ez","Tiempo de lectura":"2 minutos"},"schema":{"@context":"https:\/\/schema.org","@graph":[{"@type":"Article","@id":"https:\/\/infocuatro.com\/?p=8775#article","isPartOf":{"@id":"https:\/\/infocuatro.com\/?p=8775"},"author":{"name":"Arnaldo N\u00fa\u00f1ez","@id":"https:\/\/infocuatro.com\/#\/schema\/person\/560f9b4fb1043ae9c42c5c718f3fcc65"},"headline":"Feriado de Carnaval 2026:\u00a0qu\u00e9 d\u00edas de febrero cae y c\u00f3mo ser\u00e1 el primer fin de semana largo del a\u00f1o","datePublished":"2026-01-26T15:24:29+00:00","dateModified":"2026-01-26T15:24:30+00:00","mainEntityOfPage":{"@id":"https:\/\/infocuatro.com\/?p=8775"},"wordCount":255,"publisher":{"@id":"https:\/\/infocuatro.com\/#organization"},"image":{"@id":"https:\/\/infocuatro.com\/?p=8775#primaryimage"},"thumbnailUrl":"https:\/\/infocuatro.com\/wp-content\/uploads\/2026\/01\/unnamed.jpg","articleSection":["Nacionales"],"inLanguage":"es-AR"},{"@type":"WebPage","@id":"https:\/\/infocuatro.com\/?p=8775","url":"https:\/\/infocuatro.com\/?p=8775","name":"Feriado de Carnaval 2026:\u00a0qu\u00e9 d\u00edas de febrero cae y c\u00f3mo ser\u00e1 el primer fin de semana largo del a\u00f1o - InfoCuatro","isPartOf":{"@id":"https:\/\/infocuatro.com\/#website"},"primaryImageOfPage":{"@id":"https:\/\/infocuatro.com\/?p=8775#primaryimage"},"image":{"@id":"https:\/\/infocuatro.com\/?p=8775#primaryimage"},"thumbnailUrl":"https:\/\/infocuatro.com\/wp-content\/uploads\/2026\/01\/unnamed.jpg","datePublished":"2026-01-26T15:24:29+00:00","dateModified":"2026-01-26T15:24:30+00:00","breadcrumb":{"@id":"https:\/\/infocuatro.com\/?p=8775#breadcrumb"},"inLanguage":"es-AR","potentialAction":[{"@type":"ReadAction","target":["https:\/\/infocuatro.com\/?p=8775"]}]},{"@type":"ImageObject","inLanguage":"es-AR","@id":"https:\/\/infocuatro.com\/?p=8775#primaryimage","url":"https:\/\/infocuatro.com\/wp-content\/uploads\/2026\/01\/unnamed.jpg","contentUrl":"https:\/\/infocuatro.com\/wp-content\/uploads\/2026\/01\/unnamed.jpg","width":512,"height":287},{"@type":"BreadcrumbList","@id":"https:\/\/infocuatro.com\/?p=8775#breadcrumb","itemListElement":[{"@type":"ListItem","position":1,"name":"Inicio","item":"https:\/\/infocuatro.com\/"},{"@type":"ListItem","position":2,"name":"Feriado de Carnaval 2026:\u00a0qu\u00e9 d\u00edas de febrero cae y c\u00f3mo ser\u00e1 el primer fin de semana largo del a\u00f1o"}]},{"@type":"WebSite","@id":"https:\/\/infocuatro.com\/#website","url":"https:\/\/infocuatro.com\/","name":"InfoCuatro","description":"","publisher":{"@id":"https:\/\/infocuatro.com\/#organization"},"potentialAction":[{"@type":"SearchAction","target":{"@type":"EntryPoint","urlTemplate":"https:\/\/infocuatro.com\/?s={search_term_string}"},"query-input":{"@type":"PropertyValueSpecification","valueRequired":true,"valueName":"search_term_string"}}],"inLanguage":"es-AR"},{"@type":"Organization","@id":"https:\/\/infocuatro.com\/#organization","name":"InfoCuatro","url":"https:\/\/infocuatro.com\/","logo":{"@type":"ImageObject","inLanguage":"es-AR","@id":"https:\/\/infocuatro.com\/#\/schema\/logo\/image\/","url":"https:\/\/infocuatro.com\/wp-content\/uploads\/2025\/09\/Logo-original.fw_.png","contentUrl":"https:\/\/infocuatro.com\/wp-content\/uploads\/2025\/09\/Logo-original.fw_.png","width":500,"height":500,"caption":"InfoCuatro"},"image":{"@id":"https:\/\/infocuatro.com\/#\/schema\/logo\/image\/"},"sameAs":["https:\/\/www.facebook.com\/infocuatro.noticias","https:\/\/x.com\/InfoCuatro","https:\/\/www.instagram.com\/infocuatro","https:\/\/mastodon.social\/@infocuatro","https:\/\/www.youtube.com\/@InfoCuatro","https:\/\/www.tiktok.com\/@infocuatro"]},{"@type":"Person","@id":"https:\/\/infocuatro.com\/#\/schema\/person\/560f9b4fb1043ae9c42c5c718f3fcc65","name":"Arnaldo N\u00fa\u00f1ez","image":{"@type":"ImageObject","inLanguage":"es-AR","@id":"https:\/\/secure.gravatar.com\/avatar\/63149f8b4b6f9b26dfe253aa95efa81655bb545eec50cc479c690a89ee8df583?s=96&r=g","url":"https:\/\/secure.gravatar.com\/avatar\/63149f8b4b6f9b26dfe253aa95efa81655bb545eec50cc479c690a89ee8df583?s=96&r=g","contentUrl":"https:\/\/secure.gravatar.com\/avatar\/63149f8b4b6f9b26dfe253aa95efa81655bb545eec50cc479c690a89ee8df583?s=96&r=g","caption":"Arnaldo N\u00fa\u00f1ez"},"url":"https:\/\/infocuatro.com\/?author=4"}]}},"_links":{"self":[{"href":"https:\/\/infocuatro.com\/index.php?rest_route=\/wp\/v2\/posts\/8775","targetHints":{"allow":["GET"]}}],"collection":[{"href":"https:\/\/infocuatro.com\/index.php?rest_route=\/wp\/v2\/posts"}],"about":[{"href":"https:\/\/infocuatro.com\/index.php?rest_route=\/wp\/v2\/types\/post"}],"author":[{"embeddable":true,"href":"https:\/\/infocuatro.com\/index.php?rest_route=\/wp\/v2\/users\/4"}],"replies":[{"embeddable":true,"href":"https:\/\/infocuatro.com\/index.php?rest_route=%2Fwp%2Fv2%2Fcomments&post=8775"}],"version-history":[{"count":1,"href":"https:\/\/infocuatro.com\/index.php?rest_route=\/wp\/v2\/posts\/8775\/revisions"}],"predecessor-version":[{"id":8779,"href":"https:\/\/infocuatro.com\/index.php?rest_route=\/wp\/v2\/posts\/8775\/revisions\/8779"}],"wp:featuredmedia":[{"embeddable":true,"href":"https:\/\/infocuatro.com\/index.php?rest_route=\/wp\/v2\/media\/8776"}],"wp:attachment":[{"href":"https:\/\/infocuatro.com\/index.php?rest_route=%2Fwp%2Fv2%2Fmedia&parent=8775"}],"wp:term":[{"taxonomy":"category","embeddable":true,"href":"https:\/\/infocuatro.com\/index.php?rest_route=%2Fwp%2Fv2%2Fcategories&post=8775"},{"taxonomy":"post_tag","embeddable":true,"href":"https:\/\/infocuatro.com\/index.php?rest_route=%2Fwp%2Fv2%2Ftags&post=8775"}],"curies":[{"name":"wp","href":"https:\/\/api.w.org\/{rel}","templated":true}]}}