{"id":8770,"date":"2026-01-26T12:13:26","date_gmt":"2026-01-26T15:13:26","guid":{"rendered":"https:\/\/infocuatro.com\/?p=8770"},"modified":"2026-01-26T12:14:23","modified_gmt":"2026-01-26T15:14:23","slug":"muro-atmosferico-el-fenomeno-que-mantiene-las-temperaturas-altas-en-argentina","status":"publish","type":"post","link":"https:\/\/infocuatro.com\/?p=8770","title":{"rendered":"\u201cMuro atmosf\u00e9rico\u201d, el fen\u00f3meno que mantiene las temperaturas altas en Argentina"},"content":{"rendered":"\n<p>Una\u00a0 nueva ola de calor afecta a gran parte de Argentina\u00a0y se esperan jornadas con temperaturas extremas. El\u00a0Servicio Meteorol\u00f3gico Nacional (SMN)\u00a0emiti\u00f3 una\u00a0alerta amarilla\u00a0que abarca varias provincias del pa\u00eds, advirtiendo sobre el impacto de este evento clim\u00e1tico en la salud y en la vida cotidiana de la poblaci\u00f3n.<\/p>\n\n\n\n<p>El fen\u00f3meno que explica estas condiciones se conoce como\u00a0\u201cmuro atmosf\u00e9rico\u201d, un bloqueo en altura que impide la llegada de aire fr\u00edo desde la Patagonia y mantiene temperaturas elevadas durante varios d\u00edas.<\/p>\n\n\n\n<figure class=\"wp-block-image size-full\"><img loading=\"lazy\" decoding=\"async\" width=\"950\" height=\"633\" src=\"https:\/\/infocuatro.com\/wp-content\/uploads\/2026\/01\/4PU3Y5BTTRHGLM7HSZRFLGNQOQ.avif\" alt=\"\" class=\"wp-image-8772\" srcset=\"https:\/\/infocuatro.com\/wp-content\/uploads\/2026\/01\/4PU3Y5BTTRHGLM7HSZRFLGNQOQ.avif 950w, https:\/\/infocuatro.com\/wp-content\/uploads\/2026\/01\/4PU3Y5BTTRHGLM7HSZRFLGNQOQ-300x200.jpg 300w, https:\/\/infocuatro.com\/wp-content\/uploads\/2026\/01\/4PU3Y5BTTRHGLM7HSZRFLGNQOQ-768x512.jpg 768w\" sizes=\"auto, (max-width: 950px) 100vw, 950px\" \/><\/figure>\n\n\n\n<h2 class=\"wp-block-heading\">\u00bfPor qu\u00e9 se produce el \u201cmuro atmosf\u00e9rico\u201d?<\/h2>\n\n\n\n<p>Este fen\u00f3meno se produce por la combinaci\u00f3n de varios factores: un\u00a0sistema de alta presi\u00f3n sobre el Oc\u00e9ano Atl\u00e1ntico\u00a0impulsa constantemente aire c\u00e1lido desde el norte hacia el centro del pa\u00eds. Al mismo tiempo, un proceso de\u00a0subsidencia\u00a0provoca que el aire descendente se comprima y se caliente mediante el\u00a0calentamiento adiab\u00e1tico, elevando las temperaturas de manera significativa.<\/p>\n\n\n\n<p>El aire descendente generado por esta din\u00e1mica no solo aumenta el calor, sino que tambi\u00e9n act\u00faa como una\u00a0barrera invisible que bloquea la llegada de frentes fr\u00edos, manteniendo el pa\u00eds bajo condiciones de calor extremo y estabilidad atmosf\u00e9rica durante varios d\u00edas.<\/p>\n\n\n\n<figure class=\"wp-block-image size-full\"><img loading=\"lazy\" decoding=\"async\" width=\"950\" height=\"633\" src=\"https:\/\/infocuatro.com\/wp-content\/uploads\/2026\/01\/TULDA45CDRHVVBQUKIBURWG47M.avif\" alt=\"\" class=\"wp-image-8773\" srcset=\"https:\/\/infocuatro.com\/wp-content\/uploads\/2026\/01\/TULDA45CDRHVVBQUKIBURWG47M.avif 950w, https:\/\/infocuatro.com\/wp-content\/uploads\/2026\/01\/TULDA45CDRHVVBQUKIBURWG47M-300x200.jpg 300w, https:\/\/infocuatro.com\/wp-content\/uploads\/2026\/01\/TULDA45CDRHVVBQUKIBURWG47M-768x512.jpg 768w\" sizes=\"auto, (max-width: 950px) 100vw, 950px\" \/><\/figure>\n\n\n\n<h2 class=\"wp-block-heading\">Qu\u00e9 recomiendan los expertos ante una ola de calor<\/h2>\n\n\n\n<p>Mientras tanto,\u00a0los expertos recomiendan  extremar cuidados,  especialmente para ni\u00f1os, adultos mayores y personas con enfermedades respiratorias o cardiovasculares, ya que la exposici\u00f3n prolongada a altas temperaturas puede derivar en\u00a0golpes de calor, deshidrataci\u00f3n y fatiga t\u00e9rmica.<\/p>\n\n\n\n<p>La combinaci\u00f3n del\u00a0muro atmosf\u00e9rico, alta presi\u00f3n y subsidencia\u00a0convierte a esta ola de calor en uno de los eventos m\u00e1s persistentes del verano.<\/p>\n\n\n\n<p><\/p>\n","protected":false},"excerpt":{"rendered":"<p>Una\u00a0 nueva ola de calor afecta a gran parte de Argentina\u00a0y se esperan jornadas con temperaturas extremas. El\u00a0Servicio Meteorol\u00f3gico Nacional (SMN)\u00a0emiti\u00f3 una\u00a0alerta amarilla\u00a0que abarca varias [&hellip;]<\/p>\n","protected":false},"author":4,"featured_media":8771,"comment_status":"closed","ping_status":"closed","sticky":false,"template":"","format":"standard","meta":{"footnotes":""},"categories":[7],"tags":[],"class_list":["post-8770","post","type-post","status-publish","format-standard","has-post-thumbnail","hentry","category-nacionales"],"yoast_head":"<!-- This site is optimized with the Yoast SEO plugin v27.4 - https:\/\/yoast.com\/product\/yoast-seo-wordpress\/ -->\n<title>\u201cMuro atmosf\u00e9rico\u201d, el fen\u00f3meno que mantiene las temperaturas altas en Argentina - InfoCuatro<\/title>\n<meta name=\"robots\" content=\"index, follow, max-snippet:-1, max-image-preview:large, max-video-preview:-1\" \/>\n<link rel=\"canonical\" href=\"https:\/\/infocuatro.com\/?p=8770\" \/>\n<meta property=\"og:locale\" content=\"es_ES\" \/>\n<meta property=\"og:type\" content=\"article\" \/>\n<meta property=\"og:title\" content=\"\u201cMuro atmosf\u00e9rico\u201d, el fen\u00f3meno que mantiene las temperaturas altas en Argentina - InfoCuatro\" \/>\n<meta property=\"og:description\" content=\"Una\u00a0 nueva ola de calor afecta a gran parte de Argentina\u00a0y se esperan jornadas con temperaturas extremas. El\u00a0Servicio Meteorol\u00f3gico Nacional (SMN)\u00a0emiti\u00f3 una\u00a0alerta amarilla\u00a0que abarca varias [&hellip;]\" \/>\n<meta property=\"og:url\" content=\"https:\/\/infocuatro.com\/?p=8770\" \/>\n<meta property=\"og:site_name\" content=\"InfoCuatro\" \/>\n<meta property=\"article:publisher\" content=\"https:\/\/www.facebook.com\/infocuatro.noticias\" \/>\n<meta property=\"article:published_time\" content=\"2026-01-26T15:13:26+00:00\" \/>\n<meta property=\"article:modified_time\" content=\"2026-01-26T15:14:23+00:00\" \/>\n<meta property=\"og:image\" content=\"https:\/\/infocuatro.com\/wp-content\/uploads\/2026\/01\/LJNFH3P77JBSZGNLPZYSQ74TSE.jpg\" \/>\n\t<meta property=\"og:image:width\" content=\"950\" \/>\n\t<meta property=\"og:image:height\" content=\"534\" \/>\n\t<meta property=\"og:image:type\" content=\"image\/jpeg\" \/>\n<meta name=\"author\" content=\"Arnaldo N\u00fa\u00f1ez\" \/>\n<meta name=\"twitter:card\" content=\"summary_large_image\" \/>\n<meta name=\"twitter:creator\" content=\"@InfoCuatro\" \/>\n<meta name=\"twitter:site\" content=\"@InfoCuatro\" \/>\n<meta name=\"twitter:label1\" content=\"Escrito por\" \/>\n\t<meta name=\"twitter:data1\" content=\"Arnaldo N\u00fa\u00f1ez\" \/>\n\t<meta name=\"twitter:label2\" content=\"Tiempo de lectura\" \/>\n\t<meta name=\"twitter:data2\" content=\"2 minutos\" \/>\n<script type=\"application\/ld+json\" class=\"yoast-schema-graph\">{\"@context\":\"https:\\\/\\\/schema.org\",\"@graph\":[{\"@type\":\"Article\",\"@id\":\"https:\\\/\\\/infocuatro.com\\\/?p=8770#article\",\"isPartOf\":{\"@id\":\"https:\\\/\\\/infocuatro.com\\\/?p=8770\"},\"author\":{\"name\":\"Arnaldo N\u00fa\u00f1ez\",\"@id\":\"https:\\\/\\\/infocuatro.com\\\/#\\\/schema\\\/person\\\/560f9b4fb1043ae9c42c5c718f3fcc65\"},\"headline\":\"\u201cMuro atmosf\u00e9rico\u201d, el fen\u00f3meno que mantiene las temperaturas altas en Argentina\",\"datePublished\":\"2026-01-26T15:13:26+00:00\",\"dateModified\":\"2026-01-26T15:14:23+00:00\",\"mainEntityOfPage\":{\"@id\":\"https:\\\/\\\/infocuatro.com\\\/?p=8770\"},\"wordCount\":305,\"publisher\":{\"@id\":\"https:\\\/\\\/infocuatro.com\\\/#organization\"},\"image\":{\"@id\":\"https:\\\/\\\/infocuatro.com\\\/?p=8770#primaryimage\"},\"thumbnailUrl\":\"https:\\\/\\\/infocuatro.com\\\/wp-content\\\/uploads\\\/2026\\\/01\\\/LJNFH3P77JBSZGNLPZYSQ74TSE.jpg\",\"articleSection\":[\"Nacionales\"],\"inLanguage\":\"es-AR\"},{\"@type\":\"WebPage\",\"@id\":\"https:\\\/\\\/infocuatro.com\\\/?p=8770\",\"url\":\"https:\\\/\\\/infocuatro.com\\\/?p=8770\",\"name\":\"\u201cMuro atmosf\u00e9rico\u201d, el fen\u00f3meno que mantiene las temperaturas altas en Argentina - InfoCuatro\",\"isPartOf\":{\"@id\":\"https:\\\/\\\/infocuatro.com\\\/#website\"},\"primaryImageOfPage\":{\"@id\":\"https:\\\/\\\/infocuatro.com\\\/?p=8770#primaryimage\"},\"image\":{\"@id\":\"https:\\\/\\\/infocuatro.com\\\/?p=8770#primaryimage\"},\"thumbnailUrl\":\"https:\\\/\\\/infocuatro.com\\\/wp-content\\\/uploads\\\/2026\\\/01\\\/LJNFH3P77JBSZGNLPZYSQ74TSE.jpg\",\"datePublished\":\"2026-01-26T15:13:26+00:00\",\"dateModified\":\"2026-01-26T15:14:23+00:00\",\"breadcrumb\":{\"@id\":\"https:\\\/\\\/infocuatro.com\\\/?p=8770#breadcrumb\"},\"inLanguage\":\"es-AR\",\"potentialAction\":[{\"@type\":\"ReadAction\",\"target\":[\"https:\\\/\\\/infocuatro.com\\\/?p=8770\"]}]},{\"@type\":\"ImageObject\",\"inLanguage\":\"es-AR\",\"@id\":\"https:\\\/\\\/infocuatro.com\\\/?p=8770#primaryimage\",\"url\":\"https:\\\/\\\/infocuatro.com\\\/wp-content\\\/uploads\\\/2026\\\/01\\\/LJNFH3P77JBSZGNLPZYSQ74TSE.jpg\",\"contentUrl\":\"https:\\\/\\\/infocuatro.com\\\/wp-content\\\/uploads\\\/2026\\\/01\\\/LJNFH3P77JBSZGNLPZYSQ74TSE.jpg\",\"width\":950,\"height\":534},{\"@type\":\"BreadcrumbList\",\"@id\":\"https:\\\/\\\/infocuatro.com\\\/?p=8770#breadcrumb\",\"itemListElement\":[{\"@type\":\"ListItem\",\"position\":1,\"name\":\"Inicio\",\"item\":\"https:\\\/\\\/infocuatro.com\\\/\"},{\"@type\":\"ListItem\",\"position\":2,\"name\":\"\u201cMuro atmosf\u00e9rico\u201d, el fen\u00f3meno que mantiene las temperaturas altas en Argentina\"}]},{\"@type\":\"WebSite\",\"@id\":\"https:\\\/\\\/infocuatro.com\\\/#website\",\"url\":\"https:\\\/\\\/infocuatro.com\\\/\",\"name\":\"InfoCuatro\",\"description\":\"\",\"publisher\":{\"@id\":\"https:\\\/\\\/infocuatro.com\\\/#organization\"},\"potentialAction\":[{\"@type\":\"SearchAction\",\"target\":{\"@type\":\"EntryPoint\",\"urlTemplate\":\"https:\\\/\\\/infocuatro.com\\\/?s={search_term_string}\"},\"query-input\":{\"@type\":\"PropertyValueSpecification\",\"valueRequired\":true,\"valueName\":\"search_term_string\"}}],\"inLanguage\":\"es-AR\"},{\"@type\":\"Organization\",\"@id\":\"https:\\\/\\\/infocuatro.com\\\/#organization\",\"name\":\"InfoCuatro\",\"url\":\"https:\\\/\\\/infocuatro.com\\\/\",\"logo\":{\"@type\":\"ImageObject\",\"inLanguage\":\"es-AR\",\"@id\":\"https:\\\/\\\/infocuatro.com\\\/#\\\/schema\\\/logo\\\/image\\\/\",\"url\":\"https:\\\/\\\/infocuatro.com\\\/wp-content\\\/uploads\\\/2025\\\/09\\\/Logo-original.fw_.png\",\"contentUrl\":\"https:\\\/\\\/infocuatro.com\\\/wp-content\\\/uploads\\\/2025\\\/09\\\/Logo-original.fw_.png\",\"width\":500,\"height\":500,\"caption\":\"InfoCuatro\"},\"image\":{\"@id\":\"https:\\\/\\\/infocuatro.com\\\/#\\\/schema\\\/logo\\\/image\\\/\"},\"sameAs\":[\"https:\\\/\\\/www.facebook.com\\\/infocuatro.noticias\",\"https:\\\/\\\/x.com\\\/InfoCuatro\",\"https:\\\/\\\/www.instagram.com\\\/infocuatro\",\"https:\\\/\\\/mastodon.social\\\/@infocuatro\",\"https:\\\/\\\/www.youtube.com\\\/@InfoCuatro\",\"https:\\\/\\\/www.tiktok.com\\\/@infocuatro\"]},{\"@type\":\"Person\",\"@id\":\"https:\\\/\\\/infocuatro.com\\\/#\\\/schema\\\/person\\\/560f9b4fb1043ae9c42c5c718f3fcc65\",\"name\":\"Arnaldo N\u00fa\u00f1ez\",\"image\":{\"@type\":\"ImageObject\",\"inLanguage\":\"es-AR\",\"@id\":\"https:\\\/\\\/secure.gravatar.com\\\/avatar\\\/63149f8b4b6f9b26dfe253aa95efa81655bb545eec50cc479c690a89ee8df583?s=96&r=g\",\"url\":\"https:\\\/\\\/secure.gravatar.com\\\/avatar\\\/63149f8b4b6f9b26dfe253aa95efa81655bb545eec50cc479c690a89ee8df583?s=96&r=g\",\"contentUrl\":\"https:\\\/\\\/secure.gravatar.com\\\/avatar\\\/63149f8b4b6f9b26dfe253aa95efa81655bb545eec50cc479c690a89ee8df583?s=96&r=g\",\"caption\":\"Arnaldo N\u00fa\u00f1ez\"},\"url\":\"https:\\\/\\\/infocuatro.com\\\/?author=4\"}]}<\/script>\n<!-- \/ Yoast SEO plugin. -->","yoast_head_json":{"title":"\u201cMuro atmosf\u00e9rico\u201d, el fen\u00f3meno que mantiene las temperaturas altas en Argentina - InfoCuatro","robots":{"index":"index","follow":"follow","max-snippet":"max-snippet:-1","max-image-preview":"max-image-preview:large","max-video-preview":"max-video-preview:-1"},"canonical":"https:\/\/infocuatro.com\/?p=8770","og_locale":"es_ES","og_type":"article","og_title":"\u201cMuro atmosf\u00e9rico\u201d, el fen\u00f3meno que mantiene las temperaturas altas en Argentina - InfoCuatro","og_description":"Una\u00a0 nueva ola de calor afecta a gran parte de Argentina\u00a0y se esperan jornadas con temperaturas extremas. El\u00a0Servicio Meteorol\u00f3gico Nacional (SMN)\u00a0emiti\u00f3 una\u00a0alerta amarilla\u00a0que abarca varias [&hellip;]","og_url":"https:\/\/infocuatro.com\/?p=8770","og_site_name":"InfoCuatro","article_publisher":"https:\/\/www.facebook.com\/infocuatro.noticias","article_published_time":"2026-01-26T15:13:26+00:00","article_modified_time":"2026-01-26T15:14:23+00:00","og_image":[{"width":950,"height":534,"url":"https:\/\/infocuatro.com\/wp-content\/uploads\/2026\/01\/LJNFH3P77JBSZGNLPZYSQ74TSE.jpg","type":"image\/jpeg"}],"author":"Arnaldo N\u00fa\u00f1ez","twitter_card":"summary_large_image","twitter_creator":"@InfoCuatro","twitter_site":"@InfoCuatro","twitter_misc":{"Escrito por":"Arnaldo N\u00fa\u00f1ez","Tiempo de lectura":"2 minutos"},"schema":{"@context":"https:\/\/schema.org","@graph":[{"@type":"Article","@id":"https:\/\/infocuatro.com\/?p=8770#article","isPartOf":{"@id":"https:\/\/infocuatro.com\/?p=8770"},"author":{"name":"Arnaldo N\u00fa\u00f1ez","@id":"https:\/\/infocuatro.com\/#\/schema\/person\/560f9b4fb1043ae9c42c5c718f3fcc65"},"headline":"\u201cMuro atmosf\u00e9rico\u201d, el fen\u00f3meno que mantiene las temperaturas altas en Argentina","datePublished":"2026-01-26T15:13:26+00:00","dateModified":"2026-01-26T15:14:23+00:00","mainEntityOfPage":{"@id":"https:\/\/infocuatro.com\/?p=8770"},"wordCount":305,"publisher":{"@id":"https:\/\/infocuatro.com\/#organization"},"image":{"@id":"https:\/\/infocuatro.com\/?p=8770#primaryimage"},"thumbnailUrl":"https:\/\/infocuatro.com\/wp-content\/uploads\/2026\/01\/LJNFH3P77JBSZGNLPZYSQ74TSE.jpg","articleSection":["Nacionales"],"inLanguage":"es-AR"},{"@type":"WebPage","@id":"https:\/\/infocuatro.com\/?p=8770","url":"https:\/\/infocuatro.com\/?p=8770","name":"\u201cMuro atmosf\u00e9rico\u201d, el fen\u00f3meno que mantiene las temperaturas altas en Argentina - InfoCuatro","isPartOf":{"@id":"https:\/\/infocuatro.com\/#website"},"primaryImageOfPage":{"@id":"https:\/\/infocuatro.com\/?p=8770#primaryimage"},"image":{"@id":"https:\/\/infocuatro.com\/?p=8770#primaryimage"},"thumbnailUrl":"https:\/\/infocuatro.com\/wp-content\/uploads\/2026\/01\/LJNFH3P77JBSZGNLPZYSQ74TSE.jpg","datePublished":"2026-01-26T15:13:26+00:00","dateModified":"2026-01-26T15:14:23+00:00","breadcrumb":{"@id":"https:\/\/infocuatro.com\/?p=8770#breadcrumb"},"inLanguage":"es-AR","potentialAction":[{"@type":"ReadAction","target":["https:\/\/infocuatro.com\/?p=8770"]}]},{"@type":"ImageObject","inLanguage":"es-AR","@id":"https:\/\/infocuatro.com\/?p=8770#primaryimage","url":"https:\/\/infocuatro.com\/wp-content\/uploads\/2026\/01\/LJNFH3P77JBSZGNLPZYSQ74TSE.jpg","contentUrl":"https:\/\/infocuatro.com\/wp-content\/uploads\/2026\/01\/LJNFH3P77JBSZGNLPZYSQ74TSE.jpg","width":950,"height":534},{"@type":"BreadcrumbList","@id":"https:\/\/infocuatro.com\/?p=8770#breadcrumb","itemListElement":[{"@type":"ListItem","position":1,"name":"Inicio","item":"https:\/\/infocuatro.com\/"},{"@type":"ListItem","position":2,"name":"\u201cMuro atmosf\u00e9rico\u201d, el fen\u00f3meno que mantiene las temperaturas altas en Argentina"}]},{"@type":"WebSite","@id":"https:\/\/infocuatro.com\/#website","url":"https:\/\/infocuatro.com\/","name":"InfoCuatro","description":"","publisher":{"@id":"https:\/\/infocuatro.com\/#organization"},"potentialAction":[{"@type":"SearchAction","target":{"@type":"EntryPoint","urlTemplate":"https:\/\/infocuatro.com\/?s={search_term_string}"},"query-input":{"@type":"PropertyValueSpecification","valueRequired":true,"valueName":"search_term_string"}}],"inLanguage":"es-AR"},{"@type":"Organization","@id":"https:\/\/infocuatro.com\/#organization","name":"InfoCuatro","url":"https:\/\/infocuatro.com\/","logo":{"@type":"ImageObject","inLanguage":"es-AR","@id":"https:\/\/infocuatro.com\/#\/schema\/logo\/image\/","url":"https:\/\/infocuatro.com\/wp-content\/uploads\/2025\/09\/Logo-original.fw_.png","contentUrl":"https:\/\/infocuatro.com\/wp-content\/uploads\/2025\/09\/Logo-original.fw_.png","width":500,"height":500,"caption":"InfoCuatro"},"image":{"@id":"https:\/\/infocuatro.com\/#\/schema\/logo\/image\/"},"sameAs":["https:\/\/www.facebook.com\/infocuatro.noticias","https:\/\/x.com\/InfoCuatro","https:\/\/www.instagram.com\/infocuatro","https:\/\/mastodon.social\/@infocuatro","https:\/\/www.youtube.com\/@InfoCuatro","https:\/\/www.tiktok.com\/@infocuatro"]},{"@type":"Person","@id":"https:\/\/infocuatro.com\/#\/schema\/person\/560f9b4fb1043ae9c42c5c718f3fcc65","name":"Arnaldo N\u00fa\u00f1ez","image":{"@type":"ImageObject","inLanguage":"es-AR","@id":"https:\/\/secure.gravatar.com\/avatar\/63149f8b4b6f9b26dfe253aa95efa81655bb545eec50cc479c690a89ee8df583?s=96&r=g","url":"https:\/\/secure.gravatar.com\/avatar\/63149f8b4b6f9b26dfe253aa95efa81655bb545eec50cc479c690a89ee8df583?s=96&r=g","contentUrl":"https:\/\/secure.gravatar.com\/avatar\/63149f8b4b6f9b26dfe253aa95efa81655bb545eec50cc479c690a89ee8df583?s=96&r=g","caption":"Arnaldo N\u00fa\u00f1ez"},"url":"https:\/\/infocuatro.com\/?author=4"}]}},"_links":{"self":[{"href":"https:\/\/infocuatro.com\/index.php?rest_route=\/wp\/v2\/posts\/8770","targetHints":{"allow":["GET"]}}],"collection":[{"href":"https:\/\/infocuatro.com\/index.php?rest_route=\/wp\/v2\/posts"}],"about":[{"href":"https:\/\/infocuatro.com\/index.php?rest_route=\/wp\/v2\/types\/post"}],"author":[{"embeddable":true,"href":"https:\/\/infocuatro.com\/index.php?rest_route=\/wp\/v2\/users\/4"}],"replies":[{"embeddable":true,"href":"https:\/\/infocuatro.com\/index.php?rest_route=%2Fwp%2Fv2%2Fcomments&post=8770"}],"version-history":[{"count":1,"href":"https:\/\/infocuatro.com\/index.php?rest_route=\/wp\/v2\/posts\/8770\/revisions"}],"predecessor-version":[{"id":8774,"href":"https:\/\/infocuatro.com\/index.php?rest_route=\/wp\/v2\/posts\/8770\/revisions\/8774"}],"wp:featuredmedia":[{"embeddable":true,"href":"https:\/\/infocuatro.com\/index.php?rest_route=\/wp\/v2\/media\/8771"}],"wp:attachment":[{"href":"https:\/\/infocuatro.com\/index.php?rest_route=%2Fwp%2Fv2%2Fmedia&parent=8770"}],"wp:term":[{"taxonomy":"category","embeddable":true,"href":"https:\/\/infocuatro.com\/index.php?rest_route=%2Fwp%2Fv2%2Fcategories&post=8770"},{"taxonomy":"post_tag","embeddable":true,"href":"https:\/\/infocuatro.com\/index.php?rest_route=%2Fwp%2Fv2%2Ftags&post=8770"}],"curies":[{"name":"wp","href":"https:\/\/api.w.org\/{rel}","templated":true}]}}