{"id":8765,"date":"2026-01-26T11:59:58","date_gmt":"2026-01-26T14:59:58","guid":{"rendered":"https:\/\/infocuatro.com\/?p=8765"},"modified":"2026-01-26T11:59:58","modified_gmt":"2026-01-26T14:59:58","slug":"ciudad-limpia-comenzo-el-2026-con-una-intensa-labor-solidaria-en-el-gran-resistencia","status":"publish","type":"post","link":"https:\/\/infocuatro.com\/?p=8765","title":{"rendered":"Ciudad Limpia comenz\u00f3 el 2026 con una intensa labor solidaria en el Gran Resistencia"},"content":{"rendered":"\n<p>La Fundaci\u00f3n Ciudad Limpia inici\u00f3 el 2026 con un fuerte compromiso solidario, recibiendo y clasificando un importante cargamento de donaciones destinadas a familias, comedores y merenderos del Gran Resistencia, que incluye a las localidades de Fontana, Barranqueras y Puerto Vilelas.<\/p>\n\n\n\n<p>Durante los primeros d\u00edas del a\u00f1o, la organizaci\u00f3n reuni\u00f3 ropa, calzado, mercader\u00eda, jugos, gaseosas, pa\u00f1ales, sillas de ruedas, televisores y otros elementos de primera necesidad que ser\u00e1n distribuidos entre sectores vulnerables. El trabajo se realiza desde Casa Garrahan Chaco, punto de referencia donde vecinos y vecinas acercan a diario lo que ya no utilizan, pero que puede ser de gran ayuda para otros.<\/p>\n\n\n\n<figure class=\"wp-block-image size-large is-resized\"><img loading=\"lazy\" decoding=\"async\" width=\"768\" height=\"1024\" src=\"https:\/\/infocuatro.com\/wp-content\/uploads\/2026\/01\/654945w790h1053c.jpg-768x1024.webp\" alt=\"\" class=\"wp-image-8767\" style=\"aspect-ratio:0.7499961852445258;width:828px;height:auto\" srcset=\"https:\/\/infocuatro.com\/wp-content\/uploads\/2026\/01\/654945w790h1053c.jpg-768x1024.webp 768w, https:\/\/infocuatro.com\/wp-content\/uploads\/2026\/01\/654945w790h1053c.jpg-225x300.webp 225w, https:\/\/infocuatro.com\/wp-content\/uploads\/2026\/01\/654945w790h1053c.jpg.webp 790w\" sizes=\"auto, (max-width: 768px) 100vw, 768px\" \/><\/figure>\n\n\n\n<p>Desde la Fundaci\u00f3n destacaron que esta tarea es posible gracias a la confianza de la comunidad y al sostenimiento de una pr\u00e1ctica solidaria que se repite a lo largo del a\u00f1o. Ciudad Limpia act\u00faa como nexo entre quienes desean colaborar y quienes atraviesan situaciones de necesidad, priorizando la participaci\u00f3n ciudadana como motor del cambio social.<\/p>\n\n\n\n<figure class=\"wp-block-image size-full is-resized\"><img loading=\"lazy\" decoding=\"async\" width=\"790\" height=\"528\" src=\"https:\/\/infocuatro.com\/wp-content\/uploads\/2026\/01\/405539w790h528c.jpg.webp\" alt=\"\" class=\"wp-image-8768\" style=\"aspect-ratio:1.4962563996330385;width:840px;height:auto\" srcset=\"https:\/\/infocuatro.com\/wp-content\/uploads\/2026\/01\/405539w790h528c.jpg.webp 790w, https:\/\/infocuatro.com\/wp-content\/uploads\/2026\/01\/405539w790h528c.jpg-300x201.webp 300w, https:\/\/infocuatro.com\/wp-content\/uploads\/2026\/01\/405539w790h528c.jpg-768x513.webp 768w\" sizes=\"auto, (max-width: 790px) 100vw, 790px\" \/><\/figure>\n\n\n\n<p>En ese sentido, remarcaron que las acciones colectivas nacidas desde la comunidad logran resultados concretos, a diferencia de campa\u00f1as oficiales que muchas veces generan resistencias por motivos pol\u00edticos o ideol\u00f3gicos. \u00abLos grandes cambios se producen desde abajo hacia arriba, a partir del compromiso de vecinos y ciudadanos comunes\u00bb, se\u00f1alaron desde la organizaci\u00f3n.<\/p>\n","protected":false},"excerpt":{"rendered":"<p>La Fundaci\u00f3n Ciudad Limpia inici\u00f3 el 2026 con un fuerte compromiso solidario, recibiendo y clasificando un importante cargamento de donaciones destinadas a familias, comedores y [&hellip;]<\/p>\n","protected":false},"author":4,"featured_media":8766,"comment_status":"closed","ping_status":"closed","sticky":false,"template":"","format":"standard","meta":{"footnotes":""},"categories":[4],"tags":[],"class_list":["post-8765","post","type-post","status-publish","format-standard","has-post-thumbnail","hentry","category-locales"],"yoast_head":"<!-- This site is optimized with the Yoast SEO plugin v27.4 - https:\/\/yoast.com\/product\/yoast-seo-wordpress\/ -->\n<title>Ciudad Limpia comenz\u00f3 el 2026 con una intensa labor solidaria en el Gran Resistencia - InfoCuatro<\/title>\n<meta name=\"robots\" content=\"index, follow, max-snippet:-1, max-image-preview:large, max-video-preview:-1\" \/>\n<link rel=\"canonical\" href=\"https:\/\/infocuatro.com\/?p=8765\" \/>\n<meta property=\"og:locale\" content=\"es_ES\" \/>\n<meta property=\"og:type\" content=\"article\" \/>\n<meta property=\"og:title\" content=\"Ciudad Limpia comenz\u00f3 el 2026 con una intensa labor solidaria en el Gran Resistencia - InfoCuatro\" \/>\n<meta property=\"og:description\" content=\"La Fundaci\u00f3n Ciudad Limpia inici\u00f3 el 2026 con un fuerte compromiso solidario, recibiendo y clasificando un importante cargamento de donaciones destinadas a familias, comedores y [&hellip;]\" \/>\n<meta property=\"og:url\" content=\"https:\/\/infocuatro.com\/?p=8765\" \/>\n<meta property=\"og:site_name\" content=\"InfoCuatro\" \/>\n<meta property=\"article:publisher\" content=\"https:\/\/www.facebook.com\/infocuatro.noticias\" \/>\n<meta property=\"article:published_time\" content=\"2026-01-26T14:59:58+00:00\" \/>\n<meta property=\"og:image\" content=\"https:\/\/infocuatro.com\/wp-content\/uploads\/2026\/01\/05-Foto-50-14.jpg\" \/>\n\t<meta property=\"og:image:width\" content=\"800\" \/>\n\t<meta property=\"og:image:height\" content=\"473\" \/>\n\t<meta property=\"og:image:type\" content=\"image\/jpeg\" \/>\n<meta name=\"author\" content=\"Arnaldo N\u00fa\u00f1ez\" \/>\n<meta name=\"twitter:card\" content=\"summary_large_image\" \/>\n<meta name=\"twitter:creator\" content=\"@InfoCuatro\" \/>\n<meta name=\"twitter:site\" content=\"@InfoCuatro\" \/>\n<meta name=\"twitter:label1\" content=\"Escrito por\" \/>\n\t<meta name=\"twitter:data1\" content=\"Arnaldo N\u00fa\u00f1ez\" \/>\n\t<meta name=\"twitter:label2\" content=\"Tiempo de lectura\" \/>\n\t<meta name=\"twitter:data2\" content=\"2 minutos\" \/>\n<script type=\"application\/ld+json\" class=\"yoast-schema-graph\">{\"@context\":\"https:\\\/\\\/schema.org\",\"@graph\":[{\"@type\":\"Article\",\"@id\":\"https:\\\/\\\/infocuatro.com\\\/?p=8765#article\",\"isPartOf\":{\"@id\":\"https:\\\/\\\/infocuatro.com\\\/?p=8765\"},\"author\":{\"name\":\"Arnaldo N\u00fa\u00f1ez\",\"@id\":\"https:\\\/\\\/infocuatro.com\\\/#\\\/schema\\\/person\\\/560f9b4fb1043ae9c42c5c718f3fcc65\"},\"headline\":\"Ciudad Limpia comenz\u00f3 el 2026 con una intensa labor solidaria en el Gran Resistencia\",\"datePublished\":\"2026-01-26T14:59:58+00:00\",\"mainEntityOfPage\":{\"@id\":\"https:\\\/\\\/infocuatro.com\\\/?p=8765\"},\"wordCount\":239,\"publisher\":{\"@id\":\"https:\\\/\\\/infocuatro.com\\\/#organization\"},\"image\":{\"@id\":\"https:\\\/\\\/infocuatro.com\\\/?p=8765#primaryimage\"},\"thumbnailUrl\":\"https:\\\/\\\/infocuatro.com\\\/wp-content\\\/uploads\\\/2026\\\/01\\\/05-Foto-50-14.jpg\",\"articleSection\":[\"Locales\"],\"inLanguage\":\"es-AR\"},{\"@type\":\"WebPage\",\"@id\":\"https:\\\/\\\/infocuatro.com\\\/?p=8765\",\"url\":\"https:\\\/\\\/infocuatro.com\\\/?p=8765\",\"name\":\"Ciudad Limpia comenz\u00f3 el 2026 con una intensa labor solidaria en el Gran Resistencia - InfoCuatro\",\"isPartOf\":{\"@id\":\"https:\\\/\\\/infocuatro.com\\\/#website\"},\"primaryImageOfPage\":{\"@id\":\"https:\\\/\\\/infocuatro.com\\\/?p=8765#primaryimage\"},\"image\":{\"@id\":\"https:\\\/\\\/infocuatro.com\\\/?p=8765#primaryimage\"},\"thumbnailUrl\":\"https:\\\/\\\/infocuatro.com\\\/wp-content\\\/uploads\\\/2026\\\/01\\\/05-Foto-50-14.jpg\",\"datePublished\":\"2026-01-26T14:59:58+00:00\",\"breadcrumb\":{\"@id\":\"https:\\\/\\\/infocuatro.com\\\/?p=8765#breadcrumb\"},\"inLanguage\":\"es-AR\",\"potentialAction\":[{\"@type\":\"ReadAction\",\"target\":[\"https:\\\/\\\/infocuatro.com\\\/?p=8765\"]}]},{\"@type\":\"ImageObject\",\"inLanguage\":\"es-AR\",\"@id\":\"https:\\\/\\\/infocuatro.com\\\/?p=8765#primaryimage\",\"url\":\"https:\\\/\\\/infocuatro.com\\\/wp-content\\\/uploads\\\/2026\\\/01\\\/05-Foto-50-14.jpg\",\"contentUrl\":\"https:\\\/\\\/infocuatro.com\\\/wp-content\\\/uploads\\\/2026\\\/01\\\/05-Foto-50-14.jpg\",\"width\":800,\"height\":473},{\"@type\":\"BreadcrumbList\",\"@id\":\"https:\\\/\\\/infocuatro.com\\\/?p=8765#breadcrumb\",\"itemListElement\":[{\"@type\":\"ListItem\",\"position\":1,\"name\":\"Inicio\",\"item\":\"https:\\\/\\\/infocuatro.com\\\/\"},{\"@type\":\"ListItem\",\"position\":2,\"name\":\"Ciudad Limpia comenz\u00f3 el 2026 con una intensa labor solidaria en el Gran Resistencia\"}]},{\"@type\":\"WebSite\",\"@id\":\"https:\\\/\\\/infocuatro.com\\\/#website\",\"url\":\"https:\\\/\\\/infocuatro.com\\\/\",\"name\":\"InfoCuatro\",\"description\":\"\",\"publisher\":{\"@id\":\"https:\\\/\\\/infocuatro.com\\\/#organization\"},\"potentialAction\":[{\"@type\":\"SearchAction\",\"target\":{\"@type\":\"EntryPoint\",\"urlTemplate\":\"https:\\\/\\\/infocuatro.com\\\/?s={search_term_string}\"},\"query-input\":{\"@type\":\"PropertyValueSpecification\",\"valueRequired\":true,\"valueName\":\"search_term_string\"}}],\"inLanguage\":\"es-AR\"},{\"@type\":\"Organization\",\"@id\":\"https:\\\/\\\/infocuatro.com\\\/#organization\",\"name\":\"InfoCuatro\",\"url\":\"https:\\\/\\\/infocuatro.com\\\/\",\"logo\":{\"@type\":\"ImageObject\",\"inLanguage\":\"es-AR\",\"@id\":\"https:\\\/\\\/infocuatro.com\\\/#\\\/schema\\\/logo\\\/image\\\/\",\"url\":\"https:\\\/\\\/infocuatro.com\\\/wp-content\\\/uploads\\\/2025\\\/09\\\/Logo-original.fw_.png\",\"contentUrl\":\"https:\\\/\\\/infocuatro.com\\\/wp-content\\\/uploads\\\/2025\\\/09\\\/Logo-original.fw_.png\",\"width\":500,\"height\":500,\"caption\":\"InfoCuatro\"},\"image\":{\"@id\":\"https:\\\/\\\/infocuatro.com\\\/#\\\/schema\\\/logo\\\/image\\\/\"},\"sameAs\":[\"https:\\\/\\\/www.facebook.com\\\/infocuatro.noticias\",\"https:\\\/\\\/x.com\\\/InfoCuatro\",\"https:\\\/\\\/www.instagram.com\\\/infocuatro\",\"https:\\\/\\\/mastodon.social\\\/@infocuatro\",\"https:\\\/\\\/www.youtube.com\\\/@InfoCuatro\",\"https:\\\/\\\/www.tiktok.com\\\/@infocuatro\"]},{\"@type\":\"Person\",\"@id\":\"https:\\\/\\\/infocuatro.com\\\/#\\\/schema\\\/person\\\/560f9b4fb1043ae9c42c5c718f3fcc65\",\"name\":\"Arnaldo N\u00fa\u00f1ez\",\"image\":{\"@type\":\"ImageObject\",\"inLanguage\":\"es-AR\",\"@id\":\"https:\\\/\\\/secure.gravatar.com\\\/avatar\\\/63149f8b4b6f9b26dfe253aa95efa81655bb545eec50cc479c690a89ee8df583?s=96&r=g\",\"url\":\"https:\\\/\\\/secure.gravatar.com\\\/avatar\\\/63149f8b4b6f9b26dfe253aa95efa81655bb545eec50cc479c690a89ee8df583?s=96&r=g\",\"contentUrl\":\"https:\\\/\\\/secure.gravatar.com\\\/avatar\\\/63149f8b4b6f9b26dfe253aa95efa81655bb545eec50cc479c690a89ee8df583?s=96&r=g\",\"caption\":\"Arnaldo N\u00fa\u00f1ez\"},\"url\":\"https:\\\/\\\/infocuatro.com\\\/?author=4\"}]}<\/script>\n<!-- \/ Yoast SEO plugin. -->","yoast_head_json":{"title":"Ciudad Limpia comenz\u00f3 el 2026 con una intensa labor solidaria en el Gran Resistencia - InfoCuatro","robots":{"index":"index","follow":"follow","max-snippet":"max-snippet:-1","max-image-preview":"max-image-preview:large","max-video-preview":"max-video-preview:-1"},"canonical":"https:\/\/infocuatro.com\/?p=8765","og_locale":"es_ES","og_type":"article","og_title":"Ciudad Limpia comenz\u00f3 el 2026 con una intensa labor solidaria en el Gran Resistencia - InfoCuatro","og_description":"La Fundaci\u00f3n Ciudad Limpia inici\u00f3 el 2026 con un fuerte compromiso solidario, recibiendo y clasificando un importante cargamento de donaciones destinadas a familias, comedores y [&hellip;]","og_url":"https:\/\/infocuatro.com\/?p=8765","og_site_name":"InfoCuatro","article_publisher":"https:\/\/www.facebook.com\/infocuatro.noticias","article_published_time":"2026-01-26T14:59:58+00:00","og_image":[{"width":800,"height":473,"url":"https:\/\/infocuatro.com\/wp-content\/uploads\/2026\/01\/05-Foto-50-14.jpg","type":"image\/jpeg"}],"author":"Arnaldo N\u00fa\u00f1ez","twitter_card":"summary_large_image","twitter_creator":"@InfoCuatro","twitter_site":"@InfoCuatro","twitter_misc":{"Escrito por":"Arnaldo N\u00fa\u00f1ez","Tiempo de lectura":"2 minutos"},"schema":{"@context":"https:\/\/schema.org","@graph":[{"@type":"Article","@id":"https:\/\/infocuatro.com\/?p=8765#article","isPartOf":{"@id":"https:\/\/infocuatro.com\/?p=8765"},"author":{"name":"Arnaldo N\u00fa\u00f1ez","@id":"https:\/\/infocuatro.com\/#\/schema\/person\/560f9b4fb1043ae9c42c5c718f3fcc65"},"headline":"Ciudad Limpia comenz\u00f3 el 2026 con una intensa labor solidaria en el Gran Resistencia","datePublished":"2026-01-26T14:59:58+00:00","mainEntityOfPage":{"@id":"https:\/\/infocuatro.com\/?p=8765"},"wordCount":239,"publisher":{"@id":"https:\/\/infocuatro.com\/#organization"},"image":{"@id":"https:\/\/infocuatro.com\/?p=8765#primaryimage"},"thumbnailUrl":"https:\/\/infocuatro.com\/wp-content\/uploads\/2026\/01\/05-Foto-50-14.jpg","articleSection":["Locales"],"inLanguage":"es-AR"},{"@type":"WebPage","@id":"https:\/\/infocuatro.com\/?p=8765","url":"https:\/\/infocuatro.com\/?p=8765","name":"Ciudad Limpia comenz\u00f3 el 2026 con una intensa labor solidaria en el Gran Resistencia - InfoCuatro","isPartOf":{"@id":"https:\/\/infocuatro.com\/#website"},"primaryImageOfPage":{"@id":"https:\/\/infocuatro.com\/?p=8765#primaryimage"},"image":{"@id":"https:\/\/infocuatro.com\/?p=8765#primaryimage"},"thumbnailUrl":"https:\/\/infocuatro.com\/wp-content\/uploads\/2026\/01\/05-Foto-50-14.jpg","datePublished":"2026-01-26T14:59:58+00:00","breadcrumb":{"@id":"https:\/\/infocuatro.com\/?p=8765#breadcrumb"},"inLanguage":"es-AR","potentialAction":[{"@type":"ReadAction","target":["https:\/\/infocuatro.com\/?p=8765"]}]},{"@type":"ImageObject","inLanguage":"es-AR","@id":"https:\/\/infocuatro.com\/?p=8765#primaryimage","url":"https:\/\/infocuatro.com\/wp-content\/uploads\/2026\/01\/05-Foto-50-14.jpg","contentUrl":"https:\/\/infocuatro.com\/wp-content\/uploads\/2026\/01\/05-Foto-50-14.jpg","width":800,"height":473},{"@type":"BreadcrumbList","@id":"https:\/\/infocuatro.com\/?p=8765#breadcrumb","itemListElement":[{"@type":"ListItem","position":1,"name":"Inicio","item":"https:\/\/infocuatro.com\/"},{"@type":"ListItem","position":2,"name":"Ciudad Limpia comenz\u00f3 el 2026 con una intensa labor solidaria en el Gran Resistencia"}]},{"@type":"WebSite","@id":"https:\/\/infocuatro.com\/#website","url":"https:\/\/infocuatro.com\/","name":"InfoCuatro","description":"","publisher":{"@id":"https:\/\/infocuatro.com\/#organization"},"potentialAction":[{"@type":"SearchAction","target":{"@type":"EntryPoint","urlTemplate":"https:\/\/infocuatro.com\/?s={search_term_string}"},"query-input":{"@type":"PropertyValueSpecification","valueRequired":true,"valueName":"search_term_string"}}],"inLanguage":"es-AR"},{"@type":"Organization","@id":"https:\/\/infocuatro.com\/#organization","name":"InfoCuatro","url":"https:\/\/infocuatro.com\/","logo":{"@type":"ImageObject","inLanguage":"es-AR","@id":"https:\/\/infocuatro.com\/#\/schema\/logo\/image\/","url":"https:\/\/infocuatro.com\/wp-content\/uploads\/2025\/09\/Logo-original.fw_.png","contentUrl":"https:\/\/infocuatro.com\/wp-content\/uploads\/2025\/09\/Logo-original.fw_.png","width":500,"height":500,"caption":"InfoCuatro"},"image":{"@id":"https:\/\/infocuatro.com\/#\/schema\/logo\/image\/"},"sameAs":["https:\/\/www.facebook.com\/infocuatro.noticias","https:\/\/x.com\/InfoCuatro","https:\/\/www.instagram.com\/infocuatro","https:\/\/mastodon.social\/@infocuatro","https:\/\/www.youtube.com\/@InfoCuatro","https:\/\/www.tiktok.com\/@infocuatro"]},{"@type":"Person","@id":"https:\/\/infocuatro.com\/#\/schema\/person\/560f9b4fb1043ae9c42c5c718f3fcc65","name":"Arnaldo N\u00fa\u00f1ez","image":{"@type":"ImageObject","inLanguage":"es-AR","@id":"https:\/\/secure.gravatar.com\/avatar\/63149f8b4b6f9b26dfe253aa95efa81655bb545eec50cc479c690a89ee8df583?s=96&r=g","url":"https:\/\/secure.gravatar.com\/avatar\/63149f8b4b6f9b26dfe253aa95efa81655bb545eec50cc479c690a89ee8df583?s=96&r=g","contentUrl":"https:\/\/secure.gravatar.com\/avatar\/63149f8b4b6f9b26dfe253aa95efa81655bb545eec50cc479c690a89ee8df583?s=96&r=g","caption":"Arnaldo N\u00fa\u00f1ez"},"url":"https:\/\/infocuatro.com\/?author=4"}]}},"_links":{"self":[{"href":"https:\/\/infocuatro.com\/index.php?rest_route=\/wp\/v2\/posts\/8765","targetHints":{"allow":["GET"]}}],"collection":[{"href":"https:\/\/infocuatro.com\/index.php?rest_route=\/wp\/v2\/posts"}],"about":[{"href":"https:\/\/infocuatro.com\/index.php?rest_route=\/wp\/v2\/types\/post"}],"author":[{"embeddable":true,"href":"https:\/\/infocuatro.com\/index.php?rest_route=\/wp\/v2\/users\/4"}],"replies":[{"embeddable":true,"href":"https:\/\/infocuatro.com\/index.php?rest_route=%2Fwp%2Fv2%2Fcomments&post=8765"}],"version-history":[{"count":1,"href":"https:\/\/infocuatro.com\/index.php?rest_route=\/wp\/v2\/posts\/8765\/revisions"}],"predecessor-version":[{"id":8769,"href":"https:\/\/infocuatro.com\/index.php?rest_route=\/wp\/v2\/posts\/8765\/revisions\/8769"}],"wp:featuredmedia":[{"embeddable":true,"href":"https:\/\/infocuatro.com\/index.php?rest_route=\/wp\/v2\/media\/8766"}],"wp:attachment":[{"href":"https:\/\/infocuatro.com\/index.php?rest_route=%2Fwp%2Fv2%2Fmedia&parent=8765"}],"wp:term":[{"taxonomy":"category","embeddable":true,"href":"https:\/\/infocuatro.com\/index.php?rest_route=%2Fwp%2Fv2%2Fcategories&post=8765"},{"taxonomy":"post_tag","embeddable":true,"href":"https:\/\/infocuatro.com\/index.php?rest_route=%2Fwp%2Fv2%2Ftags&post=8765"}],"curies":[{"name":"wp","href":"https:\/\/api.w.org\/{rel}","templated":true}]}}