{"id":4904,"date":"2025-09-28T08:33:48","date_gmt":"2025-09-28T11:33:48","guid":{"rendered":"https:\/\/infocuatro.com\/?p=4904"},"modified":"2025-09-28T08:33:48","modified_gmt":"2025-09-28T11:33:48","slug":"la-otra-cara-de-la-peregrinacion-a-itati-caminantes-estafados","status":"publish","type":"post","link":"https:\/\/infocuatro.com\/?p=4904","title":{"rendered":"La otra cara de la peregrinaci\u00f3n a Itat\u00ed: caminantes estafados"},"content":{"rendered":"\n<p>&#8220;Nos estafaron en la reserva y estamos volviendo a casa&#8221;, dijo con tristeza Guillermo, quien relat\u00f3 lo vivido: &#8220;Se trat\u00f3 de una publicaci\u00f3n en Facebook. La mujer dijo ser due\u00f1a de una santer\u00eda de Corrientes. Ten\u00eda la imagen de un santo, que era su local. Dio una cuenta del Banco Naci\u00f3n para la reserva que deb\u00eda abonarse. Era de 30.000 pesos, la mitad, y el resto se pagaba al llegar a destino, el cual era a un supuesto hospedaje en la localidad de Itat\u00ed&#8221;.<\/p>\n\n\n\n<p>Cont\u00f3 c\u00f3mo fue su llegada a la provincia tras un cansado d\u00eda laboral, sin embargo eso no import\u00f3 porque el objetivo era llegar nuevamente como hace muchos a\u00f1os hasta la Virgen Morena. &#8220;Soy docente, fui a trabajar (el viernes) a las 7 de la ma\u00f1ana hasta las 12, luego viaj\u00e9 150 kil\u00f3metros hasta una escuela EFA a dar clases, volv\u00ed a las 21:30 y eso de las 23 salimos para esta provincia&#8221;, detall\u00f3.<\/p>\n\n\n\n<figure class=\"wp-block-image size-large\"><img loading=\"lazy\" decoding=\"async\" width=\"1024\" height=\"617\" src=\"https:\/\/infocuatro.com\/wp-content\/uploads\/2025\/09\/1759012042002-1024x617.jpg\" alt=\"\" class=\"wp-image-4906\" srcset=\"https:\/\/infocuatro.com\/wp-content\/uploads\/2025\/09\/1759012042002-1024x617.jpg 1024w, https:\/\/infocuatro.com\/wp-content\/uploads\/2025\/09\/1759012042002-300x181.jpg 300w, https:\/\/infocuatro.com\/wp-content\/uploads\/2025\/09\/1759012042002-768x463.jpg 768w, https:\/\/infocuatro.com\/wp-content\/uploads\/2025\/09\/1759012042002.jpg 1280w\" sizes=\"auto, (max-width: 1024px) 100vw, 1024px\" \/><\/figure>\n\n\n\n<p>&#8220;Comenc\u00e9 a caminar a las 2:40, pero en el trayecto hubo un diluvio que me impidi\u00f3 seguir. Entonces decid\u00ed ir hasta el hospedaje (en un auto que vino de apoyo en el que estaba mi familia) y ah\u00ed me entere que ni siquiera exist\u00eda la direcci\u00f3n dada&#8221;, cont\u00f3 Guillermo con mucha impotencia.<\/p>\n\n\n\n<p>La denuncia por estafa se realiz\u00f3 en la comisar\u00eda local y estando en la dependencia policial se enter\u00f3 de que no fue el \u00fanico caso. Hubo otras diez denuncias con el mismo nombre de la santer\u00eda. Lo cierto es que la santer\u00eda existe, pero la propietaria es otra persona, que fue anoticiada de la situaci\u00f3n, lo que provoc\u00f3 gran indignaci\u00f3n ante el marco de celebraci\u00f3n de fe. <\/p>\n\n\n\n<figure class=\"wp-block-image size-large\"><img loading=\"lazy\" decoding=\"async\" width=\"1024\" height=\"768\" src=\"https:\/\/infocuatro.com\/wp-content\/uploads\/2025\/09\/1759000603747-1024x768.jpg\" alt=\"\" class=\"wp-image-4907\" srcset=\"https:\/\/infocuatro.com\/wp-content\/uploads\/2025\/09\/1759000603747-1024x768.jpg 1024w, https:\/\/infocuatro.com\/wp-content\/uploads\/2025\/09\/1759000603747-300x225.jpg 300w, https:\/\/infocuatro.com\/wp-content\/uploads\/2025\/09\/1759000603747-768x576.jpg 768w, https:\/\/infocuatro.com\/wp-content\/uploads\/2025\/09\/1759000603747.jpg 1200w\" sizes=\"auto, (max-width: 1024px) 100vw, 1024px\" \/><\/figure>\n\n\n\n<p>Guillermo lleg\u00f3 junto a su familia desde un pueblo llamado Intiyaco, ubicado al norte de la provincia de Santa Fe. &#8220;Hace 20 a\u00f1os venimos con mi familia (esposa hija y nieto) y a pesar del mal momento vivido vali\u00f3 la pena caminar por las intenciones que nos permitieron estar hoy&#8221;, se\u00f1al\u00f3.<\/p>\n\n\n\n<p>&#8220;Nos vamos con bronca, pero con la fe en alto. Y m\u00e1s a\u00fan de haberlo dado todo como lo hacemos desde que somos j\u00f3venes con mi esposa, cuando ven\u00edamos a acompa\u00f1ar a los grupos de catequesis&#8221;, asegur\u00f3.<\/p>\n\n\n\n<p>Otra peregrina cont\u00f3 ser estafada, pero no quiso brindar nombres de los presuntos autores porque dijo &#8220;perdonarlos&#8221; y sigui\u00f3 su andar bajo la lluvia hasta el pueblo. &#8220;Venimos con fe y con fe nos volveremos&#8221;, cerr\u00f3 la mujer.<\/p>\n\n\n\n<p><em>Fuente: Diario Epoca<\/em><\/p>\n","protected":false},"excerpt":{"rendered":"<p>&#8220;Nos estafaron en la reserva y estamos volviendo a casa&#8221;, dijo con tristeza Guillermo, quien relat\u00f3 lo vivido: &#8220;Se trat\u00f3 de una publicaci\u00f3n en Facebook. [&hellip;]<\/p>\n","protected":false},"author":4,"featured_media":4905,"comment_status":"closed","ping_status":"closed","sticky":false,"template":"","format":"standard","meta":{"footnotes":""},"categories":[6],"tags":[],"class_list":["post-4904","post","type-post","status-publish","format-standard","has-post-thumbnail","hentry","category-regionales"],"yoast_head":"<!-- This site is optimized with the Yoast SEO plugin v27.3 - https:\/\/yoast.com\/product\/yoast-seo-wordpress\/ -->\n<title>La otra cara de la peregrinaci\u00f3n a Itat\u00ed: caminantes estafados - InfoCuatro<\/title>\n<meta name=\"robots\" content=\"index, follow, max-snippet:-1, max-image-preview:large, max-video-preview:-1\" \/>\n<link rel=\"canonical\" href=\"https:\/\/infocuatro.com\/?p=4904\" \/>\n<meta property=\"og:locale\" content=\"es_ES\" \/>\n<meta property=\"og:type\" content=\"article\" \/>\n<meta property=\"og:title\" content=\"La otra cara de la peregrinaci\u00f3n a Itat\u00ed: caminantes estafados - InfoCuatro\" \/>\n<meta property=\"og:description\" content=\"&#8220;Nos estafaron en la reserva y estamos volviendo a casa&#8221;, dijo con tristeza Guillermo, quien relat\u00f3 lo vivido: &#8220;Se trat\u00f3 de una publicaci\u00f3n en Facebook. [&hellip;]\" \/>\n<meta property=\"og:url\" content=\"https:\/\/infocuatro.com\/?p=4904\" \/>\n<meta property=\"og:site_name\" content=\"InfoCuatro\" \/>\n<meta property=\"article:publisher\" content=\"https:\/\/www.facebook.com\/infocuatro.noticias\" \/>\n<meta property=\"article:published_time\" content=\"2025-09-28T11:33:48+00:00\" \/>\n<meta property=\"og:image\" content=\"https:\/\/infocuatro.com\/wp-content\/uploads\/2025\/09\/la-lluvia-bendijo-a-los-peregrinos-de-los-tres-pueblos-que-llegaron-a-itati-FFeo.jpg\" \/>\n\t<meta property=\"og:image:width\" content=\"750\" \/>\n\t<meta property=\"og:image:height\" content=\"510\" \/>\n\t<meta property=\"og:image:type\" content=\"image\/jpeg\" \/>\n<meta name=\"author\" content=\"Arnaldo N\u00fa\u00f1ez\" \/>\n<meta name=\"twitter:card\" content=\"summary_large_image\" \/>\n<meta name=\"twitter:creator\" content=\"@InfoCuatro\" \/>\n<meta name=\"twitter:site\" content=\"@InfoCuatro\" \/>\n<meta name=\"twitter:label1\" content=\"Escrito por\" \/>\n\t<meta name=\"twitter:data1\" content=\"Arnaldo N\u00fa\u00f1ez\" \/>\n\t<meta name=\"twitter:label2\" content=\"Tiempo de lectura\" \/>\n\t<meta name=\"twitter:data2\" content=\"3 minutos\" \/>\n<script type=\"application\/ld+json\" class=\"yoast-schema-graph\">{\"@context\":\"https:\\\/\\\/schema.org\",\"@graph\":[{\"@type\":\"Article\",\"@id\":\"https:\\\/\\\/infocuatro.com\\\/?p=4904#article\",\"isPartOf\":{\"@id\":\"https:\\\/\\\/infocuatro.com\\\/?p=4904\"},\"author\":{\"name\":\"Arnaldo N\u00fa\u00f1ez\",\"@id\":\"https:\\\/\\\/infocuatro.com\\\/#\\\/schema\\\/person\\\/560f9b4fb1043ae9c42c5c718f3fcc65\"},\"headline\":\"La otra cara de la peregrinaci\u00f3n a Itat\u00ed: caminantes estafados\",\"datePublished\":\"2025-09-28T11:33:48+00:00\",\"mainEntityOfPage\":{\"@id\":\"https:\\\/\\\/infocuatro.com\\\/?p=4904\"},\"wordCount\":434,\"publisher\":{\"@id\":\"https:\\\/\\\/infocuatro.com\\\/#organization\"},\"image\":{\"@id\":\"https:\\\/\\\/infocuatro.com\\\/?p=4904#primaryimage\"},\"thumbnailUrl\":\"https:\\\/\\\/infocuatro.com\\\/wp-content\\\/uploads\\\/2025\\\/09\\\/la-lluvia-bendijo-a-los-peregrinos-de-los-tres-pueblos-que-llegaron-a-itati-FFeo.jpg\",\"articleSection\":[\"Regionales\"],\"inLanguage\":\"es-AR\"},{\"@type\":\"WebPage\",\"@id\":\"https:\\\/\\\/infocuatro.com\\\/?p=4904\",\"url\":\"https:\\\/\\\/infocuatro.com\\\/?p=4904\",\"name\":\"La otra cara de la peregrinaci\u00f3n a Itat\u00ed: caminantes estafados - InfoCuatro\",\"isPartOf\":{\"@id\":\"https:\\\/\\\/infocuatro.com\\\/#website\"},\"primaryImageOfPage\":{\"@id\":\"https:\\\/\\\/infocuatro.com\\\/?p=4904#primaryimage\"},\"image\":{\"@id\":\"https:\\\/\\\/infocuatro.com\\\/?p=4904#primaryimage\"},\"thumbnailUrl\":\"https:\\\/\\\/infocuatro.com\\\/wp-content\\\/uploads\\\/2025\\\/09\\\/la-lluvia-bendijo-a-los-peregrinos-de-los-tres-pueblos-que-llegaron-a-itati-FFeo.jpg\",\"datePublished\":\"2025-09-28T11:33:48+00:00\",\"breadcrumb\":{\"@id\":\"https:\\\/\\\/infocuatro.com\\\/?p=4904#breadcrumb\"},\"inLanguage\":\"es-AR\",\"potentialAction\":[{\"@type\":\"ReadAction\",\"target\":[\"https:\\\/\\\/infocuatro.com\\\/?p=4904\"]}]},{\"@type\":\"ImageObject\",\"inLanguage\":\"es-AR\",\"@id\":\"https:\\\/\\\/infocuatro.com\\\/?p=4904#primaryimage\",\"url\":\"https:\\\/\\\/infocuatro.com\\\/wp-content\\\/uploads\\\/2025\\\/09\\\/la-lluvia-bendijo-a-los-peregrinos-de-los-tres-pueblos-que-llegaron-a-itati-FFeo.jpg\",\"contentUrl\":\"https:\\\/\\\/infocuatro.com\\\/wp-content\\\/uploads\\\/2025\\\/09\\\/la-lluvia-bendijo-a-los-peregrinos-de-los-tres-pueblos-que-llegaron-a-itati-FFeo.jpg\",\"width\":750,\"height\":510},{\"@type\":\"BreadcrumbList\",\"@id\":\"https:\\\/\\\/infocuatro.com\\\/?p=4904#breadcrumb\",\"itemListElement\":[{\"@type\":\"ListItem\",\"position\":1,\"name\":\"Inicio\",\"item\":\"https:\\\/\\\/infocuatro.com\\\/\"},{\"@type\":\"ListItem\",\"position\":2,\"name\":\"La otra cara de la peregrinaci\u00f3n a Itat\u00ed: caminantes estafados\"}]},{\"@type\":\"WebSite\",\"@id\":\"https:\\\/\\\/infocuatro.com\\\/#website\",\"url\":\"https:\\\/\\\/infocuatro.com\\\/\",\"name\":\"InfoCuatro\",\"description\":\"\",\"publisher\":{\"@id\":\"https:\\\/\\\/infocuatro.com\\\/#organization\"},\"potentialAction\":[{\"@type\":\"SearchAction\",\"target\":{\"@type\":\"EntryPoint\",\"urlTemplate\":\"https:\\\/\\\/infocuatro.com\\\/?s={search_term_string}\"},\"query-input\":{\"@type\":\"PropertyValueSpecification\",\"valueRequired\":true,\"valueName\":\"search_term_string\"}}],\"inLanguage\":\"es-AR\"},{\"@type\":\"Organization\",\"@id\":\"https:\\\/\\\/infocuatro.com\\\/#organization\",\"name\":\"InfoCuatro\",\"url\":\"https:\\\/\\\/infocuatro.com\\\/\",\"logo\":{\"@type\":\"ImageObject\",\"inLanguage\":\"es-AR\",\"@id\":\"https:\\\/\\\/infocuatro.com\\\/#\\\/schema\\\/logo\\\/image\\\/\",\"url\":\"https:\\\/\\\/infocuatro.com\\\/wp-content\\\/uploads\\\/2025\\\/09\\\/Logo-original.fw_.png\",\"contentUrl\":\"https:\\\/\\\/infocuatro.com\\\/wp-content\\\/uploads\\\/2025\\\/09\\\/Logo-original.fw_.png\",\"width\":500,\"height\":500,\"caption\":\"InfoCuatro\"},\"image\":{\"@id\":\"https:\\\/\\\/infocuatro.com\\\/#\\\/schema\\\/logo\\\/image\\\/\"},\"sameAs\":[\"https:\\\/\\\/www.facebook.com\\\/infocuatro.noticias\",\"https:\\\/\\\/x.com\\\/InfoCuatro\",\"https:\\\/\\\/www.instagram.com\\\/infocuatro\",\"https:\\\/\\\/mastodon.social\\\/@infocuatro\",\"https:\\\/\\\/www.youtube.com\\\/@InfoCuatro\",\"https:\\\/\\\/www.tiktok.com\\\/@infocuatro\"]},{\"@type\":\"Person\",\"@id\":\"https:\\\/\\\/infocuatro.com\\\/#\\\/schema\\\/person\\\/560f9b4fb1043ae9c42c5c718f3fcc65\",\"name\":\"Arnaldo N\u00fa\u00f1ez\",\"image\":{\"@type\":\"ImageObject\",\"inLanguage\":\"es-AR\",\"@id\":\"https:\\\/\\\/secure.gravatar.com\\\/avatar\\\/63149f8b4b6f9b26dfe253aa95efa81655bb545eec50cc479c690a89ee8df583?s=96&r=g\",\"url\":\"https:\\\/\\\/secure.gravatar.com\\\/avatar\\\/63149f8b4b6f9b26dfe253aa95efa81655bb545eec50cc479c690a89ee8df583?s=96&r=g\",\"contentUrl\":\"https:\\\/\\\/secure.gravatar.com\\\/avatar\\\/63149f8b4b6f9b26dfe253aa95efa81655bb545eec50cc479c690a89ee8df583?s=96&r=g\",\"caption\":\"Arnaldo N\u00fa\u00f1ez\"},\"url\":\"https:\\\/\\\/infocuatro.com\\\/?author=4\"}]}<\/script>\n<!-- \/ Yoast SEO plugin. -->","yoast_head_json":{"title":"La otra cara de la peregrinaci\u00f3n a Itat\u00ed: caminantes estafados - InfoCuatro","robots":{"index":"index","follow":"follow","max-snippet":"max-snippet:-1","max-image-preview":"max-image-preview:large","max-video-preview":"max-video-preview:-1"},"canonical":"https:\/\/infocuatro.com\/?p=4904","og_locale":"es_ES","og_type":"article","og_title":"La otra cara de la peregrinaci\u00f3n a Itat\u00ed: caminantes estafados - InfoCuatro","og_description":"&#8220;Nos estafaron en la reserva y estamos volviendo a casa&#8221;, dijo con tristeza Guillermo, quien relat\u00f3 lo vivido: &#8220;Se trat\u00f3 de una publicaci\u00f3n en Facebook. [&hellip;]","og_url":"https:\/\/infocuatro.com\/?p=4904","og_site_name":"InfoCuatro","article_publisher":"https:\/\/www.facebook.com\/infocuatro.noticias","article_published_time":"2025-09-28T11:33:48+00:00","og_image":[{"width":750,"height":510,"url":"https:\/\/infocuatro.com\/wp-content\/uploads\/2025\/09\/la-lluvia-bendijo-a-los-peregrinos-de-los-tres-pueblos-que-llegaron-a-itati-FFeo.jpg","type":"image\/jpeg"}],"author":"Arnaldo N\u00fa\u00f1ez","twitter_card":"summary_large_image","twitter_creator":"@InfoCuatro","twitter_site":"@InfoCuatro","twitter_misc":{"Escrito por":"Arnaldo N\u00fa\u00f1ez","Tiempo de lectura":"3 minutos"},"schema":{"@context":"https:\/\/schema.org","@graph":[{"@type":"Article","@id":"https:\/\/infocuatro.com\/?p=4904#article","isPartOf":{"@id":"https:\/\/infocuatro.com\/?p=4904"},"author":{"name":"Arnaldo N\u00fa\u00f1ez","@id":"https:\/\/infocuatro.com\/#\/schema\/person\/560f9b4fb1043ae9c42c5c718f3fcc65"},"headline":"La otra cara de la peregrinaci\u00f3n a Itat\u00ed: caminantes estafados","datePublished":"2025-09-28T11:33:48+00:00","mainEntityOfPage":{"@id":"https:\/\/infocuatro.com\/?p=4904"},"wordCount":434,"publisher":{"@id":"https:\/\/infocuatro.com\/#organization"},"image":{"@id":"https:\/\/infocuatro.com\/?p=4904#primaryimage"},"thumbnailUrl":"https:\/\/infocuatro.com\/wp-content\/uploads\/2025\/09\/la-lluvia-bendijo-a-los-peregrinos-de-los-tres-pueblos-que-llegaron-a-itati-FFeo.jpg","articleSection":["Regionales"],"inLanguage":"es-AR"},{"@type":"WebPage","@id":"https:\/\/infocuatro.com\/?p=4904","url":"https:\/\/infocuatro.com\/?p=4904","name":"La otra cara de la peregrinaci\u00f3n a Itat\u00ed: caminantes estafados - InfoCuatro","isPartOf":{"@id":"https:\/\/infocuatro.com\/#website"},"primaryImageOfPage":{"@id":"https:\/\/infocuatro.com\/?p=4904#primaryimage"},"image":{"@id":"https:\/\/infocuatro.com\/?p=4904#primaryimage"},"thumbnailUrl":"https:\/\/infocuatro.com\/wp-content\/uploads\/2025\/09\/la-lluvia-bendijo-a-los-peregrinos-de-los-tres-pueblos-que-llegaron-a-itati-FFeo.jpg","datePublished":"2025-09-28T11:33:48+00:00","breadcrumb":{"@id":"https:\/\/infocuatro.com\/?p=4904#breadcrumb"},"inLanguage":"es-AR","potentialAction":[{"@type":"ReadAction","target":["https:\/\/infocuatro.com\/?p=4904"]}]},{"@type":"ImageObject","inLanguage":"es-AR","@id":"https:\/\/infocuatro.com\/?p=4904#primaryimage","url":"https:\/\/infocuatro.com\/wp-content\/uploads\/2025\/09\/la-lluvia-bendijo-a-los-peregrinos-de-los-tres-pueblos-que-llegaron-a-itati-FFeo.jpg","contentUrl":"https:\/\/infocuatro.com\/wp-content\/uploads\/2025\/09\/la-lluvia-bendijo-a-los-peregrinos-de-los-tres-pueblos-que-llegaron-a-itati-FFeo.jpg","width":750,"height":510},{"@type":"BreadcrumbList","@id":"https:\/\/infocuatro.com\/?p=4904#breadcrumb","itemListElement":[{"@type":"ListItem","position":1,"name":"Inicio","item":"https:\/\/infocuatro.com\/"},{"@type":"ListItem","position":2,"name":"La otra cara de la peregrinaci\u00f3n a Itat\u00ed: caminantes estafados"}]},{"@type":"WebSite","@id":"https:\/\/infocuatro.com\/#website","url":"https:\/\/infocuatro.com\/","name":"InfoCuatro","description":"","publisher":{"@id":"https:\/\/infocuatro.com\/#organization"},"potentialAction":[{"@type":"SearchAction","target":{"@type":"EntryPoint","urlTemplate":"https:\/\/infocuatro.com\/?s={search_term_string}"},"query-input":{"@type":"PropertyValueSpecification","valueRequired":true,"valueName":"search_term_string"}}],"inLanguage":"es-AR"},{"@type":"Organization","@id":"https:\/\/infocuatro.com\/#organization","name":"InfoCuatro","url":"https:\/\/infocuatro.com\/","logo":{"@type":"ImageObject","inLanguage":"es-AR","@id":"https:\/\/infocuatro.com\/#\/schema\/logo\/image\/","url":"https:\/\/infocuatro.com\/wp-content\/uploads\/2025\/09\/Logo-original.fw_.png","contentUrl":"https:\/\/infocuatro.com\/wp-content\/uploads\/2025\/09\/Logo-original.fw_.png","width":500,"height":500,"caption":"InfoCuatro"},"image":{"@id":"https:\/\/infocuatro.com\/#\/schema\/logo\/image\/"},"sameAs":["https:\/\/www.facebook.com\/infocuatro.noticias","https:\/\/x.com\/InfoCuatro","https:\/\/www.instagram.com\/infocuatro","https:\/\/mastodon.social\/@infocuatro","https:\/\/www.youtube.com\/@InfoCuatro","https:\/\/www.tiktok.com\/@infocuatro"]},{"@type":"Person","@id":"https:\/\/infocuatro.com\/#\/schema\/person\/560f9b4fb1043ae9c42c5c718f3fcc65","name":"Arnaldo N\u00fa\u00f1ez","image":{"@type":"ImageObject","inLanguage":"es-AR","@id":"https:\/\/secure.gravatar.com\/avatar\/63149f8b4b6f9b26dfe253aa95efa81655bb545eec50cc479c690a89ee8df583?s=96&r=g","url":"https:\/\/secure.gravatar.com\/avatar\/63149f8b4b6f9b26dfe253aa95efa81655bb545eec50cc479c690a89ee8df583?s=96&r=g","contentUrl":"https:\/\/secure.gravatar.com\/avatar\/63149f8b4b6f9b26dfe253aa95efa81655bb545eec50cc479c690a89ee8df583?s=96&r=g","caption":"Arnaldo N\u00fa\u00f1ez"},"url":"https:\/\/infocuatro.com\/?author=4"}]}},"_links":{"self":[{"href":"https:\/\/infocuatro.com\/index.php?rest_route=\/wp\/v2\/posts\/4904","targetHints":{"allow":["GET"]}}],"collection":[{"href":"https:\/\/infocuatro.com\/index.php?rest_route=\/wp\/v2\/posts"}],"about":[{"href":"https:\/\/infocuatro.com\/index.php?rest_route=\/wp\/v2\/types\/post"}],"author":[{"embeddable":true,"href":"https:\/\/infocuatro.com\/index.php?rest_route=\/wp\/v2\/users\/4"}],"replies":[{"embeddable":true,"href":"https:\/\/infocuatro.com\/index.php?rest_route=%2Fwp%2Fv2%2Fcomments&post=4904"}],"version-history":[{"count":1,"href":"https:\/\/infocuatro.com\/index.php?rest_route=\/wp\/v2\/posts\/4904\/revisions"}],"predecessor-version":[{"id":4908,"href":"https:\/\/infocuatro.com\/index.php?rest_route=\/wp\/v2\/posts\/4904\/revisions\/4908"}],"wp:featuredmedia":[{"embeddable":true,"href":"https:\/\/infocuatro.com\/index.php?rest_route=\/wp\/v2\/media\/4905"}],"wp:attachment":[{"href":"https:\/\/infocuatro.com\/index.php?rest_route=%2Fwp%2Fv2%2Fmedia&parent=4904"}],"wp:term":[{"taxonomy":"category","embeddable":true,"href":"https:\/\/infocuatro.com\/index.php?rest_route=%2Fwp%2Fv2%2Fcategories&post=4904"},{"taxonomy":"post_tag","embeddable":true,"href":"https:\/\/infocuatro.com\/index.php?rest_route=%2Fwp%2Fv2%2Ftags&post=4904"}],"curies":[{"name":"wp","href":"https:\/\/api.w.org\/{rel}","templated":true}]}}