{"id":4451,"date":"2025-09-20T12:30:00","date_gmt":"2025-09-20T15:30:00","guid":{"rendered":"https:\/\/infocuatro.com\/?p=4451"},"modified":"2025-09-20T12:46:19","modified_gmt":"2025-09-20T15:46:19","slug":"terroristas-de-hamas-publicaron-una-foto-de-los-48-rehenes-israelies-que-permanecen-secuestrados-en-gaza","status":"publish","type":"post","link":"https:\/\/infocuatro.com\/?p=4451","title":{"rendered":"Terroristas de Hamas publicaron una foto de los 48 rehenes israel\u00edes que permanecen secuestrados en Gaza"},"content":{"rendered":"\n<p>El brazo armado del grupo terrorista\u00a0 Hamas  las Brigadas Ezeld\u00edn al Qasam, difundi\u00f3 una imagen en la que presenta a\u00a0los 48 rehenes\u00a0que siguen retenidos en la\u00a0Franja de Gaza\u00a0bajo el nombre de\u00a0Ron Arad, piloto de la\u00a0Fuerza A\u00e9rea israel\u00ed\u00a0capturado en 1986 durante una operaci\u00f3n en\u00a0L\u00edbano, sin noticias sobre su paradero desde 1988.<\/p>\n\n\n\n<p>\u201cDebido a la negativa de (el primer ministro de Israel, Benjam\u00edn Netanyahu)  y la capitulaci\u00f3n de (el jefe del Estado Mayor del Ej\u00e9rcito israel\u00ed,\u00a0Eyal Zamir),\u00a0una imagen de despedida\u00a0mientras empieza la operaci\u00f3n militar en la ciudad de Gaza\u201d, se\u00f1al\u00f3 el grupo.<\/p>\n\n\n\n<figure class=\"wp-block-image size-full\"><img loading=\"lazy\" decoding=\"async\" width=\"992\" height=\"661\" src=\"https:\/\/infocuatro.com\/wp-content\/uploads\/2025\/09\/DN34KXOXEBFEPN75QGWMWWCDOE.avif\" alt=\"\" class=\"wp-image-4453\" srcset=\"https:\/\/infocuatro.com\/wp-content\/uploads\/2025\/09\/DN34KXOXEBFEPN75QGWMWWCDOE.avif 992w, https:\/\/infocuatro.com\/wp-content\/uploads\/2025\/09\/DN34KXOXEBFEPN75QGWMWWCDOE-300x200.avif 300w, https:\/\/infocuatro.com\/wp-content\/uploads\/2025\/09\/DN34KXOXEBFEPN75QGWMWWCDOE-768x512.avif 768w\" sizes=\"auto, (max-width: 992px) 100vw, 992px\" \/><\/figure>\n\n\n\n<p>Las\u00a0Brigadas Ezeld\u00edn al Qasam\u00a0volvieron a acusar a\u00a0Netanyahu\u00a0de rechazar un acuerdo para un alto el fuego en\u00a0Gaza\u00a0que incluya la liberaci\u00f3n de los rehenes y criticaron la decisi\u00f3n de\u00a0Zamir\u00a0de lanzar la ofensiva a pesar de informaciones de medios israel\u00edes sobre su oposici\u00f3n al plan, ahora en marcha desde el 16 de septiembre.<\/p>\n\n\n\n<p>El presidente estadounidense,\u00a0 Donald Trump  afirm\u00f3 el viernes que, aunque la ofensiva a gran escala de Israel en la ciudad de Gaza representa un mayor riesgo para los rehenes en la zona, \u201ctambi\u00e9n podr\u00eda resultar en su liberaci\u00f3n\u201d.<\/p>\n","protected":false},"excerpt":{"rendered":"<p>El brazo armado del grupo terrorista\u00a0 Hamas las Brigadas Ezeld\u00edn al Qasam, difundi\u00f3 una imagen en la que presenta a\u00a0los 48 rehenes\u00a0que siguen retenidos en [&hellip;]<\/p>\n","protected":false},"author":4,"featured_media":4452,"comment_status":"closed","ping_status":"closed","sticky":false,"template":"","format":"standard","meta":{"footnotes":""},"categories":[8],"tags":[],"class_list":["post-4451","post","type-post","status-publish","format-standard","has-post-thumbnail","hentry","category-internacionales"],"yoast_head":"<!-- This site is optimized with the Yoast SEO plugin v27.4 - https:\/\/yoast.com\/product\/yoast-seo-wordpress\/ -->\n<title>Terroristas de Hamas publicaron una foto de los 48 rehenes israel\u00edes que permanecen secuestrados en Gaza - InfoCuatro<\/title>\n<meta name=\"robots\" content=\"index, follow, max-snippet:-1, max-image-preview:large, max-video-preview:-1\" \/>\n<link rel=\"canonical\" href=\"https:\/\/infocuatro.com\/?p=4451\" \/>\n<meta property=\"og:locale\" content=\"es_ES\" \/>\n<meta property=\"og:type\" content=\"article\" \/>\n<meta property=\"og:title\" content=\"Terroristas de Hamas publicaron una foto de los 48 rehenes israel\u00edes que permanecen secuestrados en Gaza - InfoCuatro\" \/>\n<meta property=\"og:description\" content=\"El brazo armado del grupo terrorista\u00a0 Hamas las Brigadas Ezeld\u00edn al Qasam, difundi\u00f3 una imagen en la que presenta a\u00a0los 48 rehenes\u00a0que siguen retenidos en [&hellip;]\" \/>\n<meta property=\"og:url\" content=\"https:\/\/infocuatro.com\/?p=4451\" \/>\n<meta property=\"og:site_name\" content=\"InfoCuatro\" \/>\n<meta property=\"article:publisher\" content=\"https:\/\/www.facebook.com\/infocuatro.noticias\" \/>\n<meta property=\"article:published_time\" content=\"2025-09-20T15:30:00+00:00\" \/>\n<meta property=\"article:modified_time\" content=\"2025-09-20T15:46:19+00:00\" \/>\n<meta name=\"author\" content=\"Arnaldo N\u00fa\u00f1ez\" \/>\n<meta name=\"twitter:card\" content=\"summary_large_image\" \/>\n<meta name=\"twitter:creator\" content=\"@InfoCuatro\" \/>\n<meta name=\"twitter:site\" content=\"@InfoCuatro\" \/>\n<meta name=\"twitter:label1\" content=\"Escrito por\" \/>\n\t<meta name=\"twitter:data1\" content=\"Arnaldo N\u00fa\u00f1ez\" \/>\n\t<meta name=\"twitter:label2\" content=\"Tiempo de lectura\" \/>\n\t<meta name=\"twitter:data2\" content=\"2 minutos\" \/>\n<script type=\"application\/ld+json\" class=\"yoast-schema-graph\">{\"@context\":\"https:\\\/\\\/schema.org\",\"@graph\":[{\"@type\":\"Article\",\"@id\":\"https:\\\/\\\/infocuatro.com\\\/?p=4451#article\",\"isPartOf\":{\"@id\":\"https:\\\/\\\/infocuatro.com\\\/?p=4451\"},\"author\":{\"name\":\"Arnaldo N\u00fa\u00f1ez\",\"@id\":\"https:\\\/\\\/infocuatro.com\\\/#\\\/schema\\\/person\\\/560f9b4fb1043ae9c42c5c718f3fcc65\"},\"headline\":\"Terroristas de Hamas publicaron una foto de los 48 rehenes israel\u00edes que permanecen secuestrados en Gaza\",\"datePublished\":\"2025-09-20T15:30:00+00:00\",\"dateModified\":\"2025-09-20T15:46:19+00:00\",\"mainEntityOfPage\":{\"@id\":\"https:\\\/\\\/infocuatro.com\\\/?p=4451\"},\"wordCount\":226,\"publisher\":{\"@id\":\"https:\\\/\\\/infocuatro.com\\\/#organization\"},\"image\":{\"@id\":\"https:\\\/\\\/infocuatro.com\\\/?p=4451#primaryimage\"},\"thumbnailUrl\":\"https:\\\/\\\/infocuatro.com\\\/wp-content\\\/uploads\\\/2025\\\/09\\\/EIUQE42FQJDTNHNEX4GZL244ZA.avif\",\"articleSection\":[\"Internacionales\"],\"inLanguage\":\"es-AR\"},{\"@type\":\"WebPage\",\"@id\":\"https:\\\/\\\/infocuatro.com\\\/?p=4451\",\"url\":\"https:\\\/\\\/infocuatro.com\\\/?p=4451\",\"name\":\"Terroristas de Hamas publicaron una foto de los 48 rehenes israel\u00edes que permanecen secuestrados en Gaza - InfoCuatro\",\"isPartOf\":{\"@id\":\"https:\\\/\\\/infocuatro.com\\\/#website\"},\"primaryImageOfPage\":{\"@id\":\"https:\\\/\\\/infocuatro.com\\\/?p=4451#primaryimage\"},\"image\":{\"@id\":\"https:\\\/\\\/infocuatro.com\\\/?p=4451#primaryimage\"},\"thumbnailUrl\":\"https:\\\/\\\/infocuatro.com\\\/wp-content\\\/uploads\\\/2025\\\/09\\\/EIUQE42FQJDTNHNEX4GZL244ZA.avif\",\"datePublished\":\"2025-09-20T15:30:00+00:00\",\"dateModified\":\"2025-09-20T15:46:19+00:00\",\"breadcrumb\":{\"@id\":\"https:\\\/\\\/infocuatro.com\\\/?p=4451#breadcrumb\"},\"inLanguage\":\"es-AR\",\"potentialAction\":[{\"@type\":\"ReadAction\",\"target\":[\"https:\\\/\\\/infocuatro.com\\\/?p=4451\"]}]},{\"@type\":\"ImageObject\",\"inLanguage\":\"es-AR\",\"@id\":\"https:\\\/\\\/infocuatro.com\\\/?p=4451#primaryimage\",\"url\":\"https:\\\/\\\/infocuatro.com\\\/wp-content\\\/uploads\\\/2025\\\/09\\\/EIUQE42FQJDTNHNEX4GZL244ZA.avif\",\"contentUrl\":\"https:\\\/\\\/infocuatro.com\\\/wp-content\\\/uploads\\\/2025\\\/09\\\/EIUQE42FQJDTNHNEX4GZL244ZA.avif\",\"width\":992,\"height\":558},{\"@type\":\"BreadcrumbList\",\"@id\":\"https:\\\/\\\/infocuatro.com\\\/?p=4451#breadcrumb\",\"itemListElement\":[{\"@type\":\"ListItem\",\"position\":1,\"name\":\"Inicio\",\"item\":\"https:\\\/\\\/infocuatro.com\\\/\"},{\"@type\":\"ListItem\",\"position\":2,\"name\":\"Terroristas de Hamas publicaron una foto de los 48 rehenes israel\u00edes que permanecen secuestrados en Gaza\"}]},{\"@type\":\"WebSite\",\"@id\":\"https:\\\/\\\/infocuatro.com\\\/#website\",\"url\":\"https:\\\/\\\/infocuatro.com\\\/\",\"name\":\"InfoCuatro\",\"description\":\"\",\"publisher\":{\"@id\":\"https:\\\/\\\/infocuatro.com\\\/#organization\"},\"potentialAction\":[{\"@type\":\"SearchAction\",\"target\":{\"@type\":\"EntryPoint\",\"urlTemplate\":\"https:\\\/\\\/infocuatro.com\\\/?s={search_term_string}\"},\"query-input\":{\"@type\":\"PropertyValueSpecification\",\"valueRequired\":true,\"valueName\":\"search_term_string\"}}],\"inLanguage\":\"es-AR\"},{\"@type\":\"Organization\",\"@id\":\"https:\\\/\\\/infocuatro.com\\\/#organization\",\"name\":\"InfoCuatro\",\"url\":\"https:\\\/\\\/infocuatro.com\\\/\",\"logo\":{\"@type\":\"ImageObject\",\"inLanguage\":\"es-AR\",\"@id\":\"https:\\\/\\\/infocuatro.com\\\/#\\\/schema\\\/logo\\\/image\\\/\",\"url\":\"https:\\\/\\\/infocuatro.com\\\/wp-content\\\/uploads\\\/2025\\\/09\\\/Logo-original.fw_.png\",\"contentUrl\":\"https:\\\/\\\/infocuatro.com\\\/wp-content\\\/uploads\\\/2025\\\/09\\\/Logo-original.fw_.png\",\"width\":500,\"height\":500,\"caption\":\"InfoCuatro\"},\"image\":{\"@id\":\"https:\\\/\\\/infocuatro.com\\\/#\\\/schema\\\/logo\\\/image\\\/\"},\"sameAs\":[\"https:\\\/\\\/www.facebook.com\\\/infocuatro.noticias\",\"https:\\\/\\\/x.com\\\/InfoCuatro\",\"https:\\\/\\\/www.instagram.com\\\/infocuatro\",\"https:\\\/\\\/mastodon.social\\\/@infocuatro\",\"https:\\\/\\\/www.youtube.com\\\/@InfoCuatro\",\"https:\\\/\\\/www.tiktok.com\\\/@infocuatro\"]},{\"@type\":\"Person\",\"@id\":\"https:\\\/\\\/infocuatro.com\\\/#\\\/schema\\\/person\\\/560f9b4fb1043ae9c42c5c718f3fcc65\",\"name\":\"Arnaldo N\u00fa\u00f1ez\",\"image\":{\"@type\":\"ImageObject\",\"inLanguage\":\"es-AR\",\"@id\":\"https:\\\/\\\/secure.gravatar.com\\\/avatar\\\/63149f8b4b6f9b26dfe253aa95efa81655bb545eec50cc479c690a89ee8df583?s=96&r=g\",\"url\":\"https:\\\/\\\/secure.gravatar.com\\\/avatar\\\/63149f8b4b6f9b26dfe253aa95efa81655bb545eec50cc479c690a89ee8df583?s=96&r=g\",\"contentUrl\":\"https:\\\/\\\/secure.gravatar.com\\\/avatar\\\/63149f8b4b6f9b26dfe253aa95efa81655bb545eec50cc479c690a89ee8df583?s=96&r=g\",\"caption\":\"Arnaldo N\u00fa\u00f1ez\"},\"url\":\"https:\\\/\\\/infocuatro.com\\\/?author=4\"}]}<\/script>\n<!-- \/ Yoast SEO plugin. -->","yoast_head_json":{"title":"Terroristas de Hamas publicaron una foto de los 48 rehenes israel\u00edes que permanecen secuestrados en Gaza - InfoCuatro","robots":{"index":"index","follow":"follow","max-snippet":"max-snippet:-1","max-image-preview":"max-image-preview:large","max-video-preview":"max-video-preview:-1"},"canonical":"https:\/\/infocuatro.com\/?p=4451","og_locale":"es_ES","og_type":"article","og_title":"Terroristas de Hamas publicaron una foto de los 48 rehenes israel\u00edes que permanecen secuestrados en Gaza - InfoCuatro","og_description":"El brazo armado del grupo terrorista\u00a0 Hamas las Brigadas Ezeld\u00edn al Qasam, difundi\u00f3 una imagen en la que presenta a\u00a0los 48 rehenes\u00a0que siguen retenidos en [&hellip;]","og_url":"https:\/\/infocuatro.com\/?p=4451","og_site_name":"InfoCuatro","article_publisher":"https:\/\/www.facebook.com\/infocuatro.noticias","article_published_time":"2025-09-20T15:30:00+00:00","article_modified_time":"2025-09-20T15:46:19+00:00","author":"Arnaldo N\u00fa\u00f1ez","twitter_card":"summary_large_image","twitter_creator":"@InfoCuatro","twitter_site":"@InfoCuatro","twitter_misc":{"Escrito por":"Arnaldo N\u00fa\u00f1ez","Tiempo de lectura":"2 minutos"},"schema":{"@context":"https:\/\/schema.org","@graph":[{"@type":"Article","@id":"https:\/\/infocuatro.com\/?p=4451#article","isPartOf":{"@id":"https:\/\/infocuatro.com\/?p=4451"},"author":{"name":"Arnaldo N\u00fa\u00f1ez","@id":"https:\/\/infocuatro.com\/#\/schema\/person\/560f9b4fb1043ae9c42c5c718f3fcc65"},"headline":"Terroristas de Hamas publicaron una foto de los 48 rehenes israel\u00edes que permanecen secuestrados en Gaza","datePublished":"2025-09-20T15:30:00+00:00","dateModified":"2025-09-20T15:46:19+00:00","mainEntityOfPage":{"@id":"https:\/\/infocuatro.com\/?p=4451"},"wordCount":226,"publisher":{"@id":"https:\/\/infocuatro.com\/#organization"},"image":{"@id":"https:\/\/infocuatro.com\/?p=4451#primaryimage"},"thumbnailUrl":"https:\/\/infocuatro.com\/wp-content\/uploads\/2025\/09\/EIUQE42FQJDTNHNEX4GZL244ZA.avif","articleSection":["Internacionales"],"inLanguage":"es-AR"},{"@type":"WebPage","@id":"https:\/\/infocuatro.com\/?p=4451","url":"https:\/\/infocuatro.com\/?p=4451","name":"Terroristas de Hamas publicaron una foto de los 48 rehenes israel\u00edes que permanecen secuestrados en Gaza - InfoCuatro","isPartOf":{"@id":"https:\/\/infocuatro.com\/#website"},"primaryImageOfPage":{"@id":"https:\/\/infocuatro.com\/?p=4451#primaryimage"},"image":{"@id":"https:\/\/infocuatro.com\/?p=4451#primaryimage"},"thumbnailUrl":"https:\/\/infocuatro.com\/wp-content\/uploads\/2025\/09\/EIUQE42FQJDTNHNEX4GZL244ZA.avif","datePublished":"2025-09-20T15:30:00+00:00","dateModified":"2025-09-20T15:46:19+00:00","breadcrumb":{"@id":"https:\/\/infocuatro.com\/?p=4451#breadcrumb"},"inLanguage":"es-AR","potentialAction":[{"@type":"ReadAction","target":["https:\/\/infocuatro.com\/?p=4451"]}]},{"@type":"ImageObject","inLanguage":"es-AR","@id":"https:\/\/infocuatro.com\/?p=4451#primaryimage","url":"https:\/\/infocuatro.com\/wp-content\/uploads\/2025\/09\/EIUQE42FQJDTNHNEX4GZL244ZA.avif","contentUrl":"https:\/\/infocuatro.com\/wp-content\/uploads\/2025\/09\/EIUQE42FQJDTNHNEX4GZL244ZA.avif","width":992,"height":558},{"@type":"BreadcrumbList","@id":"https:\/\/infocuatro.com\/?p=4451#breadcrumb","itemListElement":[{"@type":"ListItem","position":1,"name":"Inicio","item":"https:\/\/infocuatro.com\/"},{"@type":"ListItem","position":2,"name":"Terroristas de Hamas publicaron una foto de los 48 rehenes israel\u00edes que permanecen secuestrados en Gaza"}]},{"@type":"WebSite","@id":"https:\/\/infocuatro.com\/#website","url":"https:\/\/infocuatro.com\/","name":"InfoCuatro","description":"","publisher":{"@id":"https:\/\/infocuatro.com\/#organization"},"potentialAction":[{"@type":"SearchAction","target":{"@type":"EntryPoint","urlTemplate":"https:\/\/infocuatro.com\/?s={search_term_string}"},"query-input":{"@type":"PropertyValueSpecification","valueRequired":true,"valueName":"search_term_string"}}],"inLanguage":"es-AR"},{"@type":"Organization","@id":"https:\/\/infocuatro.com\/#organization","name":"InfoCuatro","url":"https:\/\/infocuatro.com\/","logo":{"@type":"ImageObject","inLanguage":"es-AR","@id":"https:\/\/infocuatro.com\/#\/schema\/logo\/image\/","url":"https:\/\/infocuatro.com\/wp-content\/uploads\/2025\/09\/Logo-original.fw_.png","contentUrl":"https:\/\/infocuatro.com\/wp-content\/uploads\/2025\/09\/Logo-original.fw_.png","width":500,"height":500,"caption":"InfoCuatro"},"image":{"@id":"https:\/\/infocuatro.com\/#\/schema\/logo\/image\/"},"sameAs":["https:\/\/www.facebook.com\/infocuatro.noticias","https:\/\/x.com\/InfoCuatro","https:\/\/www.instagram.com\/infocuatro","https:\/\/mastodon.social\/@infocuatro","https:\/\/www.youtube.com\/@InfoCuatro","https:\/\/www.tiktok.com\/@infocuatro"]},{"@type":"Person","@id":"https:\/\/infocuatro.com\/#\/schema\/person\/560f9b4fb1043ae9c42c5c718f3fcc65","name":"Arnaldo N\u00fa\u00f1ez","image":{"@type":"ImageObject","inLanguage":"es-AR","@id":"https:\/\/secure.gravatar.com\/avatar\/63149f8b4b6f9b26dfe253aa95efa81655bb545eec50cc479c690a89ee8df583?s=96&r=g","url":"https:\/\/secure.gravatar.com\/avatar\/63149f8b4b6f9b26dfe253aa95efa81655bb545eec50cc479c690a89ee8df583?s=96&r=g","contentUrl":"https:\/\/secure.gravatar.com\/avatar\/63149f8b4b6f9b26dfe253aa95efa81655bb545eec50cc479c690a89ee8df583?s=96&r=g","caption":"Arnaldo N\u00fa\u00f1ez"},"url":"https:\/\/infocuatro.com\/?author=4"}]}},"_links":{"self":[{"href":"https:\/\/infocuatro.com\/index.php?rest_route=\/wp\/v2\/posts\/4451","targetHints":{"allow":["GET"]}}],"collection":[{"href":"https:\/\/infocuatro.com\/index.php?rest_route=\/wp\/v2\/posts"}],"about":[{"href":"https:\/\/infocuatro.com\/index.php?rest_route=\/wp\/v2\/types\/post"}],"author":[{"embeddable":true,"href":"https:\/\/infocuatro.com\/index.php?rest_route=\/wp\/v2\/users\/4"}],"replies":[{"embeddable":true,"href":"https:\/\/infocuatro.com\/index.php?rest_route=%2Fwp%2Fv2%2Fcomments&post=4451"}],"version-history":[{"count":1,"href":"https:\/\/infocuatro.com\/index.php?rest_route=\/wp\/v2\/posts\/4451\/revisions"}],"predecessor-version":[{"id":4454,"href":"https:\/\/infocuatro.com\/index.php?rest_route=\/wp\/v2\/posts\/4451\/revisions\/4454"}],"wp:featuredmedia":[{"embeddable":true,"href":"https:\/\/infocuatro.com\/index.php?rest_route=\/wp\/v2\/media\/4452"}],"wp:attachment":[{"href":"https:\/\/infocuatro.com\/index.php?rest_route=%2Fwp%2Fv2%2Fmedia&parent=4451"}],"wp:term":[{"taxonomy":"category","embeddable":true,"href":"https:\/\/infocuatro.com\/index.php?rest_route=%2Fwp%2Fv2%2Fcategories&post=4451"},{"taxonomy":"post_tag","embeddable":true,"href":"https:\/\/infocuatro.com\/index.php?rest_route=%2Fwp%2Fv2%2Ftags&post=4451"}],"curies":[{"name":"wp","href":"https:\/\/api.w.org\/{rel}","templated":true}]}}