{"id":4369,"date":"2025-09-19T19:19:27","date_gmt":"2025-09-19T22:19:27","guid":{"rendered":"https:\/\/infocuatro.com\/?p=4369"},"modified":"2025-09-19T19:19:28","modified_gmt":"2025-09-19T22:19:28","slug":"camion-sin-frenos-la-principal-hipotesis-del-accidente-en-el-puente-chaco-corrientes","status":"publish","type":"post","link":"https:\/\/infocuatro.com\/?p=4369","title":{"rendered":"Cami\u00f3n sin frenos, la principal hip\u00f3tesis del accidente en el puente Chaco-Corrientes"},"content":{"rendered":"\n<p>El siniestro ocurri\u00f3 en plena v\u00eda interprovincial y gener\u00f3 un corte total del tr\u00e1nsito, que permanece interrumpido. Seg\u00fan los primeros reportes, el cami\u00f3n impact\u00f3 contra una combi identificada con el logo de una bebida energizante y luego colision\u00f3 con otros veh\u00edculos que circulaban por la zona. Uno de los autom\u00f3viles involucrados termin\u00f3 completamente destruido, seg\u00fan se pudo ver en videos que r\u00e1pidamente se viralizaron en redes sociales.<\/p>\n\n\n\n<figure class=\"wp-block-image size-full is-resized\"><img loading=\"lazy\" decoding=\"async\" width=\"380\" height=\"333\" src=\"https:\/\/infocuatro.com\/wp-content\/uploads\/2025\/09\/puente271659w380h333c.webp\" alt=\"\" class=\"wp-image-4371\" style=\"width:840px;height:auto\" srcset=\"https:\/\/infocuatro.com\/wp-content\/uploads\/2025\/09\/puente271659w380h333c.webp 380w, https:\/\/infocuatro.com\/wp-content\/uploads\/2025\/09\/puente271659w380h333c-300x263.webp 300w\" sizes=\"auto, (max-width: 380px) 100vw, 380px\" \/><\/figure>\n\n\n\n<p>Testigos presenciales del hecho relataron que el cami\u00f3n ven\u00eda a alta velocidad y sin frenos, lo que habr\u00eda imposibilitado al conductor evitar el impacto. Las im\u00e1genes captadas por usuarios muestran el nivel de destrucci\u00f3n y el desconcierto entre los presentes tras la colisi\u00f3n.<\/p>\n\n\n\n<figure class=\"wp-block-image size-large is-resized\"><img loading=\"lazy\" decoding=\"async\" width=\"734\" height=\"1024\" src=\"https:\/\/infocuatro.com\/wp-content\/uploads\/2025\/09\/WhatsApp-Image-2025-09-19-at-18.43.45-734x1024.jpeg\" alt=\"\" class=\"wp-image-4372\" style=\"width:833px;height:auto\" srcset=\"https:\/\/infocuatro.com\/wp-content\/uploads\/2025\/09\/WhatsApp-Image-2025-09-19-at-18.43.45-734x1024.jpeg 734w, https:\/\/infocuatro.com\/wp-content\/uploads\/2025\/09\/WhatsApp-Image-2025-09-19-at-18.43.45-215x300.jpeg 215w, https:\/\/infocuatro.com\/wp-content\/uploads\/2025\/09\/WhatsApp-Image-2025-09-19-at-18.43.45-768x1072.jpeg 768w, https:\/\/infocuatro.com\/wp-content\/uploads\/2025\/09\/WhatsApp-Image-2025-09-19-at-18.43.45.jpeg 1080w\" sizes=\"auto, (max-width: 734px) 100vw, 734px\" \/><\/figure>\n\n\n\n<p>Hasta el momento, se confirm\u00f3 que hay personas heridas como consecuencia del accidente, aunque a\u00fan no se ha detallado la gravedad de las lesiones. Personal de salud, fuerzas de seguridad y bomberos trabajan en el lugar para asistir a los afectados y restablecer la circulaci\u00f3n lo antes posible.<\/p>\n\n\n\n<figure class=\"wp-block-image size-large\"><img loading=\"lazy\" decoding=\"async\" width=\"1024\" height=\"496\" src=\"https:\/\/infocuatro.com\/wp-content\/uploads\/2025\/09\/o_1755889214_28088-1024x496.jpg\" alt=\"\" class=\"wp-image-4373\" srcset=\"https:\/\/infocuatro.com\/wp-content\/uploads\/2025\/09\/o_1755889214_28088-1024x496.jpg 1024w, https:\/\/infocuatro.com\/wp-content\/uploads\/2025\/09\/o_1755889214_28088-300x145.jpg 300w, https:\/\/infocuatro.com\/wp-content\/uploads\/2025\/09\/o_1755889214_28088-768x372.jpg 768w, https:\/\/infocuatro.com\/wp-content\/uploads\/2025\/09\/o_1755889214_28088.jpg 1080w\" sizes=\"auto, (max-width: 1024px) 100vw, 1024px\" \/><\/figure>\n\n\n\n<p>Las autoridades contin\u00faan investigando las causas del siniestro, mientras que se recomienda evitar la zona y tomar v\u00edas alternativas. El tr\u00e1nsito sobre el puente podr\u00eda permanecer interrumpido por varias horas m\u00e1s.<\/p>\n","protected":false},"excerpt":{"rendered":"<p>El siniestro ocurri\u00f3 en plena v\u00eda interprovincial y gener\u00f3 un corte total del tr\u00e1nsito, que permanece interrumpido. Seg\u00fan los primeros reportes, el cami\u00f3n impact\u00f3 contra [&hellip;]<\/p>\n","protected":false},"author":4,"featured_media":4370,"comment_status":"closed","ping_status":"closed","sticky":false,"template":"","format":"standard","meta":{"footnotes":""},"categories":[6],"tags":[],"class_list":["post-4369","post","type-post","status-publish","format-standard","has-post-thumbnail","hentry","category-regionales"],"yoast_head":"<!-- This site is optimized with the Yoast SEO plugin v27.4 - https:\/\/yoast.com\/product\/yoast-seo-wordpress\/ -->\n<title>Cami\u00f3n sin frenos, la principal hip\u00f3tesis del accidente en el puente Chaco-Corrientes - InfoCuatro<\/title>\n<meta name=\"robots\" content=\"index, follow, max-snippet:-1, max-image-preview:large, max-video-preview:-1\" \/>\n<link rel=\"canonical\" href=\"https:\/\/infocuatro.com\/?p=4369\" \/>\n<meta property=\"og:locale\" content=\"es_ES\" \/>\n<meta property=\"og:type\" content=\"article\" \/>\n<meta property=\"og:title\" content=\"Cami\u00f3n sin frenos, la principal hip\u00f3tesis del accidente en el puente Chaco-Corrientes - InfoCuatro\" \/>\n<meta property=\"og:description\" content=\"El siniestro ocurri\u00f3 en plena v\u00eda interprovincial y gener\u00f3 un corte total del tr\u00e1nsito, que permanece interrumpido. Seg\u00fan los primeros reportes, el cami\u00f3n impact\u00f3 contra [&hellip;]\" \/>\n<meta property=\"og:url\" content=\"https:\/\/infocuatro.com\/?p=4369\" \/>\n<meta property=\"og:site_name\" content=\"InfoCuatro\" \/>\n<meta property=\"article:publisher\" content=\"https:\/\/www.facebook.com\/infocuatro.noticias\" \/>\n<meta property=\"article:published_time\" content=\"2025-09-19T22:19:27+00:00\" \/>\n<meta property=\"article:modified_time\" content=\"2025-09-19T22:19:28+00:00\" \/>\n<meta property=\"og:image\" content=\"https:\/\/infocuatro.com\/wp-content\/uploads\/2025\/09\/camion-e1758316366766.webp\" \/>\n\t<meta property=\"og:image:width\" content=\"850\" \/>\n\t<meta property=\"og:image:height\" content=\"733\" \/>\n\t<meta property=\"og:image:type\" content=\"image\/webp\" \/>\n<meta name=\"author\" content=\"Arnaldo N\u00fa\u00f1ez\" \/>\n<meta name=\"twitter:card\" content=\"summary_large_image\" \/>\n<meta name=\"twitter:creator\" content=\"@InfoCuatro\" \/>\n<meta name=\"twitter:site\" content=\"@InfoCuatro\" \/>\n<meta name=\"twitter:label1\" content=\"Escrito por\" \/>\n\t<meta name=\"twitter:data1\" content=\"Arnaldo N\u00fa\u00f1ez\" \/>\n\t<meta name=\"twitter:label2\" content=\"Tiempo de lectura\" \/>\n\t<meta name=\"twitter:data2\" content=\"2 minutos\" \/>\n<script type=\"application\/ld+json\" class=\"yoast-schema-graph\">{\"@context\":\"https:\\\/\\\/schema.org\",\"@graph\":[{\"@type\":\"Article\",\"@id\":\"https:\\\/\\\/infocuatro.com\\\/?p=4369#article\",\"isPartOf\":{\"@id\":\"https:\\\/\\\/infocuatro.com\\\/?p=4369\"},\"author\":{\"name\":\"Arnaldo N\u00fa\u00f1ez\",\"@id\":\"https:\\\/\\\/infocuatro.com\\\/#\\\/schema\\\/person\\\/560f9b4fb1043ae9c42c5c718f3fcc65\"},\"headline\":\"Cami\u00f3n sin frenos, la principal hip\u00f3tesis del accidente en el puente Chaco-Corrientes\",\"datePublished\":\"2025-09-19T22:19:27+00:00\",\"dateModified\":\"2025-09-19T22:19:28+00:00\",\"mainEntityOfPage\":{\"@id\":\"https:\\\/\\\/infocuatro.com\\\/?p=4369\"},\"wordCount\":224,\"publisher\":{\"@id\":\"https:\\\/\\\/infocuatro.com\\\/#organization\"},\"image\":{\"@id\":\"https:\\\/\\\/infocuatro.com\\\/?p=4369#primaryimage\"},\"thumbnailUrl\":\"https:\\\/\\\/infocuatro.com\\\/wp-content\\\/uploads\\\/2025\\\/09\\\/camion-e1758316366766.webp\",\"articleSection\":[\"Regionales\"],\"inLanguage\":\"es-AR\"},{\"@type\":\"WebPage\",\"@id\":\"https:\\\/\\\/infocuatro.com\\\/?p=4369\",\"url\":\"https:\\\/\\\/infocuatro.com\\\/?p=4369\",\"name\":\"Cami\u00f3n sin frenos, la principal hip\u00f3tesis del accidente en el puente Chaco-Corrientes - InfoCuatro\",\"isPartOf\":{\"@id\":\"https:\\\/\\\/infocuatro.com\\\/#website\"},\"primaryImageOfPage\":{\"@id\":\"https:\\\/\\\/infocuatro.com\\\/?p=4369#primaryimage\"},\"image\":{\"@id\":\"https:\\\/\\\/infocuatro.com\\\/?p=4369#primaryimage\"},\"thumbnailUrl\":\"https:\\\/\\\/infocuatro.com\\\/wp-content\\\/uploads\\\/2025\\\/09\\\/camion-e1758316366766.webp\",\"datePublished\":\"2025-09-19T22:19:27+00:00\",\"dateModified\":\"2025-09-19T22:19:28+00:00\",\"breadcrumb\":{\"@id\":\"https:\\\/\\\/infocuatro.com\\\/?p=4369#breadcrumb\"},\"inLanguage\":\"es-AR\",\"potentialAction\":[{\"@type\":\"ReadAction\",\"target\":[\"https:\\\/\\\/infocuatro.com\\\/?p=4369\"]}]},{\"@type\":\"ImageObject\",\"inLanguage\":\"es-AR\",\"@id\":\"https:\\\/\\\/infocuatro.com\\\/?p=4369#primaryimage\",\"url\":\"https:\\\/\\\/infocuatro.com\\\/wp-content\\\/uploads\\\/2025\\\/09\\\/camion-e1758316366766.webp\",\"contentUrl\":\"https:\\\/\\\/infocuatro.com\\\/wp-content\\\/uploads\\\/2025\\\/09\\\/camion-e1758316366766.webp\",\"width\":850,\"height\":733},{\"@type\":\"BreadcrumbList\",\"@id\":\"https:\\\/\\\/infocuatro.com\\\/?p=4369#breadcrumb\",\"itemListElement\":[{\"@type\":\"ListItem\",\"position\":1,\"name\":\"Inicio\",\"item\":\"https:\\\/\\\/infocuatro.com\\\/\"},{\"@type\":\"ListItem\",\"position\":2,\"name\":\"Cami\u00f3n sin frenos, la principal hip\u00f3tesis del accidente en el puente Chaco-Corrientes\"}]},{\"@type\":\"WebSite\",\"@id\":\"https:\\\/\\\/infocuatro.com\\\/#website\",\"url\":\"https:\\\/\\\/infocuatro.com\\\/\",\"name\":\"InfoCuatro\",\"description\":\"\",\"publisher\":{\"@id\":\"https:\\\/\\\/infocuatro.com\\\/#organization\"},\"potentialAction\":[{\"@type\":\"SearchAction\",\"target\":{\"@type\":\"EntryPoint\",\"urlTemplate\":\"https:\\\/\\\/infocuatro.com\\\/?s={search_term_string}\"},\"query-input\":{\"@type\":\"PropertyValueSpecification\",\"valueRequired\":true,\"valueName\":\"search_term_string\"}}],\"inLanguage\":\"es-AR\"},{\"@type\":\"Organization\",\"@id\":\"https:\\\/\\\/infocuatro.com\\\/#organization\",\"name\":\"InfoCuatro\",\"url\":\"https:\\\/\\\/infocuatro.com\\\/\",\"logo\":{\"@type\":\"ImageObject\",\"inLanguage\":\"es-AR\",\"@id\":\"https:\\\/\\\/infocuatro.com\\\/#\\\/schema\\\/logo\\\/image\\\/\",\"url\":\"https:\\\/\\\/infocuatro.com\\\/wp-content\\\/uploads\\\/2025\\\/09\\\/Logo-original.fw_.png\",\"contentUrl\":\"https:\\\/\\\/infocuatro.com\\\/wp-content\\\/uploads\\\/2025\\\/09\\\/Logo-original.fw_.png\",\"width\":500,\"height\":500,\"caption\":\"InfoCuatro\"},\"image\":{\"@id\":\"https:\\\/\\\/infocuatro.com\\\/#\\\/schema\\\/logo\\\/image\\\/\"},\"sameAs\":[\"https:\\\/\\\/www.facebook.com\\\/infocuatro.noticias\",\"https:\\\/\\\/x.com\\\/InfoCuatro\",\"https:\\\/\\\/www.instagram.com\\\/infocuatro\",\"https:\\\/\\\/mastodon.social\\\/@infocuatro\",\"https:\\\/\\\/www.youtube.com\\\/@InfoCuatro\",\"https:\\\/\\\/www.tiktok.com\\\/@infocuatro\"]},{\"@type\":\"Person\",\"@id\":\"https:\\\/\\\/infocuatro.com\\\/#\\\/schema\\\/person\\\/560f9b4fb1043ae9c42c5c718f3fcc65\",\"name\":\"Arnaldo N\u00fa\u00f1ez\",\"image\":{\"@type\":\"ImageObject\",\"inLanguage\":\"es-AR\",\"@id\":\"https:\\\/\\\/secure.gravatar.com\\\/avatar\\\/63149f8b4b6f9b26dfe253aa95efa81655bb545eec50cc479c690a89ee8df583?s=96&r=g\",\"url\":\"https:\\\/\\\/secure.gravatar.com\\\/avatar\\\/63149f8b4b6f9b26dfe253aa95efa81655bb545eec50cc479c690a89ee8df583?s=96&r=g\",\"contentUrl\":\"https:\\\/\\\/secure.gravatar.com\\\/avatar\\\/63149f8b4b6f9b26dfe253aa95efa81655bb545eec50cc479c690a89ee8df583?s=96&r=g\",\"caption\":\"Arnaldo N\u00fa\u00f1ez\"},\"url\":\"https:\\\/\\\/infocuatro.com\\\/?author=4\"}]}<\/script>\n<!-- \/ Yoast SEO plugin. -->","yoast_head_json":{"title":"Cami\u00f3n sin frenos, la principal hip\u00f3tesis del accidente en el puente Chaco-Corrientes - InfoCuatro","robots":{"index":"index","follow":"follow","max-snippet":"max-snippet:-1","max-image-preview":"max-image-preview:large","max-video-preview":"max-video-preview:-1"},"canonical":"https:\/\/infocuatro.com\/?p=4369","og_locale":"es_ES","og_type":"article","og_title":"Cami\u00f3n sin frenos, la principal hip\u00f3tesis del accidente en el puente Chaco-Corrientes - InfoCuatro","og_description":"El siniestro ocurri\u00f3 en plena v\u00eda interprovincial y gener\u00f3 un corte total del tr\u00e1nsito, que permanece interrumpido. Seg\u00fan los primeros reportes, el cami\u00f3n impact\u00f3 contra [&hellip;]","og_url":"https:\/\/infocuatro.com\/?p=4369","og_site_name":"InfoCuatro","article_publisher":"https:\/\/www.facebook.com\/infocuatro.noticias","article_published_time":"2025-09-19T22:19:27+00:00","article_modified_time":"2025-09-19T22:19:28+00:00","og_image":[{"width":850,"height":733,"url":"https:\/\/infocuatro.com\/wp-content\/uploads\/2025\/09\/camion-e1758316366766.webp","type":"image\/webp"}],"author":"Arnaldo N\u00fa\u00f1ez","twitter_card":"summary_large_image","twitter_creator":"@InfoCuatro","twitter_site":"@InfoCuatro","twitter_misc":{"Escrito por":"Arnaldo N\u00fa\u00f1ez","Tiempo de lectura":"2 minutos"},"schema":{"@context":"https:\/\/schema.org","@graph":[{"@type":"Article","@id":"https:\/\/infocuatro.com\/?p=4369#article","isPartOf":{"@id":"https:\/\/infocuatro.com\/?p=4369"},"author":{"name":"Arnaldo N\u00fa\u00f1ez","@id":"https:\/\/infocuatro.com\/#\/schema\/person\/560f9b4fb1043ae9c42c5c718f3fcc65"},"headline":"Cami\u00f3n sin frenos, la principal hip\u00f3tesis del accidente en el puente Chaco-Corrientes","datePublished":"2025-09-19T22:19:27+00:00","dateModified":"2025-09-19T22:19:28+00:00","mainEntityOfPage":{"@id":"https:\/\/infocuatro.com\/?p=4369"},"wordCount":224,"publisher":{"@id":"https:\/\/infocuatro.com\/#organization"},"image":{"@id":"https:\/\/infocuatro.com\/?p=4369#primaryimage"},"thumbnailUrl":"https:\/\/infocuatro.com\/wp-content\/uploads\/2025\/09\/camion-e1758316366766.webp","articleSection":["Regionales"],"inLanguage":"es-AR"},{"@type":"WebPage","@id":"https:\/\/infocuatro.com\/?p=4369","url":"https:\/\/infocuatro.com\/?p=4369","name":"Cami\u00f3n sin frenos, la principal hip\u00f3tesis del accidente en el puente Chaco-Corrientes - InfoCuatro","isPartOf":{"@id":"https:\/\/infocuatro.com\/#website"},"primaryImageOfPage":{"@id":"https:\/\/infocuatro.com\/?p=4369#primaryimage"},"image":{"@id":"https:\/\/infocuatro.com\/?p=4369#primaryimage"},"thumbnailUrl":"https:\/\/infocuatro.com\/wp-content\/uploads\/2025\/09\/camion-e1758316366766.webp","datePublished":"2025-09-19T22:19:27+00:00","dateModified":"2025-09-19T22:19:28+00:00","breadcrumb":{"@id":"https:\/\/infocuatro.com\/?p=4369#breadcrumb"},"inLanguage":"es-AR","potentialAction":[{"@type":"ReadAction","target":["https:\/\/infocuatro.com\/?p=4369"]}]},{"@type":"ImageObject","inLanguage":"es-AR","@id":"https:\/\/infocuatro.com\/?p=4369#primaryimage","url":"https:\/\/infocuatro.com\/wp-content\/uploads\/2025\/09\/camion-e1758316366766.webp","contentUrl":"https:\/\/infocuatro.com\/wp-content\/uploads\/2025\/09\/camion-e1758316366766.webp","width":850,"height":733},{"@type":"BreadcrumbList","@id":"https:\/\/infocuatro.com\/?p=4369#breadcrumb","itemListElement":[{"@type":"ListItem","position":1,"name":"Inicio","item":"https:\/\/infocuatro.com\/"},{"@type":"ListItem","position":2,"name":"Cami\u00f3n sin frenos, la principal hip\u00f3tesis del accidente en el puente Chaco-Corrientes"}]},{"@type":"WebSite","@id":"https:\/\/infocuatro.com\/#website","url":"https:\/\/infocuatro.com\/","name":"InfoCuatro","description":"","publisher":{"@id":"https:\/\/infocuatro.com\/#organization"},"potentialAction":[{"@type":"SearchAction","target":{"@type":"EntryPoint","urlTemplate":"https:\/\/infocuatro.com\/?s={search_term_string}"},"query-input":{"@type":"PropertyValueSpecification","valueRequired":true,"valueName":"search_term_string"}}],"inLanguage":"es-AR"},{"@type":"Organization","@id":"https:\/\/infocuatro.com\/#organization","name":"InfoCuatro","url":"https:\/\/infocuatro.com\/","logo":{"@type":"ImageObject","inLanguage":"es-AR","@id":"https:\/\/infocuatro.com\/#\/schema\/logo\/image\/","url":"https:\/\/infocuatro.com\/wp-content\/uploads\/2025\/09\/Logo-original.fw_.png","contentUrl":"https:\/\/infocuatro.com\/wp-content\/uploads\/2025\/09\/Logo-original.fw_.png","width":500,"height":500,"caption":"InfoCuatro"},"image":{"@id":"https:\/\/infocuatro.com\/#\/schema\/logo\/image\/"},"sameAs":["https:\/\/www.facebook.com\/infocuatro.noticias","https:\/\/x.com\/InfoCuatro","https:\/\/www.instagram.com\/infocuatro","https:\/\/mastodon.social\/@infocuatro","https:\/\/www.youtube.com\/@InfoCuatro","https:\/\/www.tiktok.com\/@infocuatro"]},{"@type":"Person","@id":"https:\/\/infocuatro.com\/#\/schema\/person\/560f9b4fb1043ae9c42c5c718f3fcc65","name":"Arnaldo N\u00fa\u00f1ez","image":{"@type":"ImageObject","inLanguage":"es-AR","@id":"https:\/\/secure.gravatar.com\/avatar\/63149f8b4b6f9b26dfe253aa95efa81655bb545eec50cc479c690a89ee8df583?s=96&r=g","url":"https:\/\/secure.gravatar.com\/avatar\/63149f8b4b6f9b26dfe253aa95efa81655bb545eec50cc479c690a89ee8df583?s=96&r=g","contentUrl":"https:\/\/secure.gravatar.com\/avatar\/63149f8b4b6f9b26dfe253aa95efa81655bb545eec50cc479c690a89ee8df583?s=96&r=g","caption":"Arnaldo N\u00fa\u00f1ez"},"url":"https:\/\/infocuatro.com\/?author=4"}]}},"_links":{"self":[{"href":"https:\/\/infocuatro.com\/index.php?rest_route=\/wp\/v2\/posts\/4369","targetHints":{"allow":["GET"]}}],"collection":[{"href":"https:\/\/infocuatro.com\/index.php?rest_route=\/wp\/v2\/posts"}],"about":[{"href":"https:\/\/infocuatro.com\/index.php?rest_route=\/wp\/v2\/types\/post"}],"author":[{"embeddable":true,"href":"https:\/\/infocuatro.com\/index.php?rest_route=\/wp\/v2\/users\/4"}],"replies":[{"embeddable":true,"href":"https:\/\/infocuatro.com\/index.php?rest_route=%2Fwp%2Fv2%2Fcomments&post=4369"}],"version-history":[{"count":1,"href":"https:\/\/infocuatro.com\/index.php?rest_route=\/wp\/v2\/posts\/4369\/revisions"}],"predecessor-version":[{"id":4374,"href":"https:\/\/infocuatro.com\/index.php?rest_route=\/wp\/v2\/posts\/4369\/revisions\/4374"}],"wp:featuredmedia":[{"embeddable":true,"href":"https:\/\/infocuatro.com\/index.php?rest_route=\/wp\/v2\/media\/4370"}],"wp:attachment":[{"href":"https:\/\/infocuatro.com\/index.php?rest_route=%2Fwp%2Fv2%2Fmedia&parent=4369"}],"wp:term":[{"taxonomy":"category","embeddable":true,"href":"https:\/\/infocuatro.com\/index.php?rest_route=%2Fwp%2Fv2%2Fcategories&post=4369"},{"taxonomy":"post_tag","embeddable":true,"href":"https:\/\/infocuatro.com\/index.php?rest_route=%2Fwp%2Fv2%2Ftags&post=4369"}],"curies":[{"name":"wp","href":"https:\/\/api.w.org\/{rel}","templated":true}]}}