{"id":4103,"date":"2025-09-17T07:40:00","date_gmt":"2025-09-17T10:40:00","guid":{"rendered":"https:\/\/infocuatro.com\/?p=4103"},"modified":"2025-09-17T06:54:09","modified_gmt":"2025-09-17T09:54:09","slug":"el-gran-premio-de-turismo-historico-desde-hoy-en-el-parque-de-la-democracia","status":"publish","type":"post","link":"https:\/\/infocuatro.com\/?p=4103","title":{"rendered":"El Gran Premio de Turismo Hist\u00f3rico desde hoy en el Parque de la Democracia"},"content":{"rendered":"\n<p>Se estima que a partir de las 17 estar\u00e1n llegando las primeras de las 124 m\u00e1quinas que conforman esta  nueva edici\u00f3n del  Gran Premio de Turismo Hist\u00f3rico del Autom\u00f3vil Club Argentino. El predio del Parque de la Democracia ser\u00e1 el lugar donde culmine la cuarta etapa del circuito programado.<\/p>\n\n\n\n<p>La partida de esta ma\u00f1ana  fue  desde Puerto Iguaz\u00fa (Misiones), estando previsto atravesar  por ruta nacional 12 las ciudades de Posadas, Ituzaing\u00f3, It\u00e1 Ibat\u00e9 y Corrientes capital para cruzar el puente General Belgrano hasta el Parque de la Democracia.<\/p>\n\n\n\n<figure class=\"wp-block-image size-full\"><img loading=\"lazy\" decoding=\"async\" width=\"800\" height=\"475\" src=\"https:\/\/infocuatro.com\/wp-content\/uploads\/2025\/09\/gpah1.jpg\" alt=\"\" class=\"wp-image-4105\" srcset=\"https:\/\/infocuatro.com\/wp-content\/uploads\/2025\/09\/gpah1.jpg 800w, https:\/\/infocuatro.com\/wp-content\/uploads\/2025\/09\/gpah1-300x178.jpg 300w, https:\/\/infocuatro.com\/wp-content\/uploads\/2025\/09\/gpah1-768x456.jpg 768w\" sizes=\"auto, (max-width: 800px) 100vw, 800px\" \/><\/figure>\n\n\n\n<p>Por primera vez en la historia pisa suelo chaque\u00f1o esta competencia de regularidad, que organiza el Autom\u00f3vil Club Argentino casa central y sus delegaciones como la filial de avenida Italia dirigida por el doctor Claudio Lange, quienes han trabajado en todos los aspectos referentes a la estad\u00eda a los corredores.<\/p>\n\n\n\n<p>Ma\u00f1ana, a las 8, , se  largar\u00e1 el primer auto la quinta  etapa desde la rampa instalada frente al m\u00e1stil mayor instalado frente a la plaza 25 de mayo y la avenida 9 de julio. Por calles G\u00fcemes e Yrigoyen rodearan la plaza y por avenida 25 de mayo doblar\u00e1n por avenida Wilde y por avenida Sabin hacia la autov\u00eda de ruta 16 hacia la ciudad de Goya (Corrientes).<\/p>\n","protected":false},"excerpt":{"rendered":"<p>Se estima que a partir de las 17 estar\u00e1n llegando las primeras de las 124 m\u00e1quinas que conforman esta nueva edici\u00f3n del Gran Premio de [&hellip;]<\/p>\n","protected":false},"author":4,"featured_media":4104,"comment_status":"closed","ping_status":"closed","sticky":false,"template":"","format":"standard","meta":{"footnotes":""},"categories":[4],"tags":[],"class_list":["post-4103","post","type-post","status-publish","format-standard","has-post-thumbnail","hentry","category-locales"],"yoast_head":"<!-- This site is optimized with the Yoast SEO plugin v27.4 - https:\/\/yoast.com\/product\/yoast-seo-wordpress\/ -->\n<title>El Gran Premio de Turismo Hist\u00f3rico desde hoy en el Parque de la Democracia - InfoCuatro<\/title>\n<meta name=\"robots\" content=\"index, follow, max-snippet:-1, max-image-preview:large, max-video-preview:-1\" \/>\n<link rel=\"canonical\" href=\"https:\/\/infocuatro.com\/?p=4103\" \/>\n<meta property=\"og:locale\" content=\"es_ES\" \/>\n<meta property=\"og:type\" content=\"article\" \/>\n<meta property=\"og:title\" content=\"El Gran Premio de Turismo Hist\u00f3rico desde hoy en el Parque de la Democracia - InfoCuatro\" \/>\n<meta property=\"og:description\" content=\"Se estima que a partir de las 17 estar\u00e1n llegando las primeras de las 124 m\u00e1quinas que conforman esta nueva edici\u00f3n del Gran Premio de [&hellip;]\" \/>\n<meta property=\"og:url\" content=\"https:\/\/infocuatro.com\/?p=4103\" \/>\n<meta property=\"og:site_name\" content=\"InfoCuatro\" \/>\n<meta property=\"article:publisher\" content=\"https:\/\/www.facebook.com\/infocuatro.noticias\" \/>\n<meta property=\"article:published_time\" content=\"2025-09-17T10:40:00+00:00\" \/>\n<meta property=\"og:image\" content=\"https:\/\/infocuatro.com\/wp-content\/uploads\/2025\/09\/multimedia.normal.b5f26eff0e135372.bm9ybWFsLndlYnA.webp\" \/>\n\t<meta property=\"og:image:width\" content=\"960\" \/>\n\t<meta property=\"og:image:height\" content=\"540\" \/>\n\t<meta property=\"og:image:type\" content=\"image\/webp\" \/>\n<meta name=\"author\" content=\"Arnaldo N\u00fa\u00f1ez\" \/>\n<meta name=\"twitter:card\" content=\"summary_large_image\" \/>\n<meta name=\"twitter:creator\" content=\"@InfoCuatro\" \/>\n<meta name=\"twitter:site\" content=\"@InfoCuatro\" \/>\n<meta name=\"twitter:label1\" content=\"Escrito por\" \/>\n\t<meta name=\"twitter:data1\" content=\"Arnaldo N\u00fa\u00f1ez\" \/>\n\t<meta name=\"twitter:label2\" content=\"Tiempo de lectura\" \/>\n\t<meta name=\"twitter:data2\" content=\"2 minutos\" \/>\n<script type=\"application\/ld+json\" class=\"yoast-schema-graph\">{\"@context\":\"https:\\\/\\\/schema.org\",\"@graph\":[{\"@type\":\"Article\",\"@id\":\"https:\\\/\\\/infocuatro.com\\\/?p=4103#article\",\"isPartOf\":{\"@id\":\"https:\\\/\\\/infocuatro.com\\\/?p=4103\"},\"author\":{\"name\":\"Arnaldo N\u00fa\u00f1ez\",\"@id\":\"https:\\\/\\\/infocuatro.com\\\/#\\\/schema\\\/person\\\/560f9b4fb1043ae9c42c5c718f3fcc65\"},\"headline\":\"El Gran Premio de Turismo Hist\u00f3rico desde hoy en el Parque de la Democracia\",\"datePublished\":\"2025-09-17T10:40:00+00:00\",\"mainEntityOfPage\":{\"@id\":\"https:\\\/\\\/infocuatro.com\\\/?p=4103\"},\"wordCount\":227,\"publisher\":{\"@id\":\"https:\\\/\\\/infocuatro.com\\\/#organization\"},\"image\":{\"@id\":\"https:\\\/\\\/infocuatro.com\\\/?p=4103#primaryimage\"},\"thumbnailUrl\":\"https:\\\/\\\/infocuatro.com\\\/wp-content\\\/uploads\\\/2025\\\/09\\\/multimedia.normal.b5f26eff0e135372.bm9ybWFsLndlYnA.webp\",\"articleSection\":[\"Locales\"],\"inLanguage\":\"es-AR\"},{\"@type\":\"WebPage\",\"@id\":\"https:\\\/\\\/infocuatro.com\\\/?p=4103\",\"url\":\"https:\\\/\\\/infocuatro.com\\\/?p=4103\",\"name\":\"El Gran Premio de Turismo Hist\u00f3rico desde hoy en el Parque de la Democracia - InfoCuatro\",\"isPartOf\":{\"@id\":\"https:\\\/\\\/infocuatro.com\\\/#website\"},\"primaryImageOfPage\":{\"@id\":\"https:\\\/\\\/infocuatro.com\\\/?p=4103#primaryimage\"},\"image\":{\"@id\":\"https:\\\/\\\/infocuatro.com\\\/?p=4103#primaryimage\"},\"thumbnailUrl\":\"https:\\\/\\\/infocuatro.com\\\/wp-content\\\/uploads\\\/2025\\\/09\\\/multimedia.normal.b5f26eff0e135372.bm9ybWFsLndlYnA.webp\",\"datePublished\":\"2025-09-17T10:40:00+00:00\",\"breadcrumb\":{\"@id\":\"https:\\\/\\\/infocuatro.com\\\/?p=4103#breadcrumb\"},\"inLanguage\":\"es-AR\",\"potentialAction\":[{\"@type\":\"ReadAction\",\"target\":[\"https:\\\/\\\/infocuatro.com\\\/?p=4103\"]}]},{\"@type\":\"ImageObject\",\"inLanguage\":\"es-AR\",\"@id\":\"https:\\\/\\\/infocuatro.com\\\/?p=4103#primaryimage\",\"url\":\"https:\\\/\\\/infocuatro.com\\\/wp-content\\\/uploads\\\/2025\\\/09\\\/multimedia.normal.b5f26eff0e135372.bm9ybWFsLndlYnA.webp\",\"contentUrl\":\"https:\\\/\\\/infocuatro.com\\\/wp-content\\\/uploads\\\/2025\\\/09\\\/multimedia.normal.b5f26eff0e135372.bm9ybWFsLndlYnA.webp\",\"width\":960,\"height\":540},{\"@type\":\"BreadcrumbList\",\"@id\":\"https:\\\/\\\/infocuatro.com\\\/?p=4103#breadcrumb\",\"itemListElement\":[{\"@type\":\"ListItem\",\"position\":1,\"name\":\"Inicio\",\"item\":\"https:\\\/\\\/infocuatro.com\\\/\"},{\"@type\":\"ListItem\",\"position\":2,\"name\":\"El Gran Premio de Turismo Hist\u00f3rico desde hoy en el Parque de la Democracia\"}]},{\"@type\":\"WebSite\",\"@id\":\"https:\\\/\\\/infocuatro.com\\\/#website\",\"url\":\"https:\\\/\\\/infocuatro.com\\\/\",\"name\":\"InfoCuatro\",\"description\":\"\",\"publisher\":{\"@id\":\"https:\\\/\\\/infocuatro.com\\\/#organization\"},\"potentialAction\":[{\"@type\":\"SearchAction\",\"target\":{\"@type\":\"EntryPoint\",\"urlTemplate\":\"https:\\\/\\\/infocuatro.com\\\/?s={search_term_string}\"},\"query-input\":{\"@type\":\"PropertyValueSpecification\",\"valueRequired\":true,\"valueName\":\"search_term_string\"}}],\"inLanguage\":\"es-AR\"},{\"@type\":\"Organization\",\"@id\":\"https:\\\/\\\/infocuatro.com\\\/#organization\",\"name\":\"InfoCuatro\",\"url\":\"https:\\\/\\\/infocuatro.com\\\/\",\"logo\":{\"@type\":\"ImageObject\",\"inLanguage\":\"es-AR\",\"@id\":\"https:\\\/\\\/infocuatro.com\\\/#\\\/schema\\\/logo\\\/image\\\/\",\"url\":\"https:\\\/\\\/infocuatro.com\\\/wp-content\\\/uploads\\\/2025\\\/09\\\/Logo-original.fw_.png\",\"contentUrl\":\"https:\\\/\\\/infocuatro.com\\\/wp-content\\\/uploads\\\/2025\\\/09\\\/Logo-original.fw_.png\",\"width\":500,\"height\":500,\"caption\":\"InfoCuatro\"},\"image\":{\"@id\":\"https:\\\/\\\/infocuatro.com\\\/#\\\/schema\\\/logo\\\/image\\\/\"},\"sameAs\":[\"https:\\\/\\\/www.facebook.com\\\/infocuatro.noticias\",\"https:\\\/\\\/x.com\\\/InfoCuatro\",\"https:\\\/\\\/www.instagram.com\\\/infocuatro\",\"https:\\\/\\\/mastodon.social\\\/@infocuatro\",\"https:\\\/\\\/www.youtube.com\\\/@InfoCuatro\",\"https:\\\/\\\/www.tiktok.com\\\/@infocuatro\"]},{\"@type\":\"Person\",\"@id\":\"https:\\\/\\\/infocuatro.com\\\/#\\\/schema\\\/person\\\/560f9b4fb1043ae9c42c5c718f3fcc65\",\"name\":\"Arnaldo N\u00fa\u00f1ez\",\"image\":{\"@type\":\"ImageObject\",\"inLanguage\":\"es-AR\",\"@id\":\"https:\\\/\\\/secure.gravatar.com\\\/avatar\\\/63149f8b4b6f9b26dfe253aa95efa81655bb545eec50cc479c690a89ee8df583?s=96&r=g\",\"url\":\"https:\\\/\\\/secure.gravatar.com\\\/avatar\\\/63149f8b4b6f9b26dfe253aa95efa81655bb545eec50cc479c690a89ee8df583?s=96&r=g\",\"contentUrl\":\"https:\\\/\\\/secure.gravatar.com\\\/avatar\\\/63149f8b4b6f9b26dfe253aa95efa81655bb545eec50cc479c690a89ee8df583?s=96&r=g\",\"caption\":\"Arnaldo N\u00fa\u00f1ez\"},\"url\":\"https:\\\/\\\/infocuatro.com\\\/?author=4\"}]}<\/script>\n<!-- \/ Yoast SEO plugin. -->","yoast_head_json":{"title":"El Gran Premio de Turismo Hist\u00f3rico desde hoy en el Parque de la Democracia - InfoCuatro","robots":{"index":"index","follow":"follow","max-snippet":"max-snippet:-1","max-image-preview":"max-image-preview:large","max-video-preview":"max-video-preview:-1"},"canonical":"https:\/\/infocuatro.com\/?p=4103","og_locale":"es_ES","og_type":"article","og_title":"El Gran Premio de Turismo Hist\u00f3rico desde hoy en el Parque de la Democracia - InfoCuatro","og_description":"Se estima que a partir de las 17 estar\u00e1n llegando las primeras de las 124 m\u00e1quinas que conforman esta nueva edici\u00f3n del Gran Premio de [&hellip;]","og_url":"https:\/\/infocuatro.com\/?p=4103","og_site_name":"InfoCuatro","article_publisher":"https:\/\/www.facebook.com\/infocuatro.noticias","article_published_time":"2025-09-17T10:40:00+00:00","og_image":[{"width":960,"height":540,"url":"https:\/\/infocuatro.com\/wp-content\/uploads\/2025\/09\/multimedia.normal.b5f26eff0e135372.bm9ybWFsLndlYnA.webp","type":"image\/webp"}],"author":"Arnaldo N\u00fa\u00f1ez","twitter_card":"summary_large_image","twitter_creator":"@InfoCuatro","twitter_site":"@InfoCuatro","twitter_misc":{"Escrito por":"Arnaldo N\u00fa\u00f1ez","Tiempo de lectura":"2 minutos"},"schema":{"@context":"https:\/\/schema.org","@graph":[{"@type":"Article","@id":"https:\/\/infocuatro.com\/?p=4103#article","isPartOf":{"@id":"https:\/\/infocuatro.com\/?p=4103"},"author":{"name":"Arnaldo N\u00fa\u00f1ez","@id":"https:\/\/infocuatro.com\/#\/schema\/person\/560f9b4fb1043ae9c42c5c718f3fcc65"},"headline":"El Gran Premio de Turismo Hist\u00f3rico desde hoy en el Parque de la Democracia","datePublished":"2025-09-17T10:40:00+00:00","mainEntityOfPage":{"@id":"https:\/\/infocuatro.com\/?p=4103"},"wordCount":227,"publisher":{"@id":"https:\/\/infocuatro.com\/#organization"},"image":{"@id":"https:\/\/infocuatro.com\/?p=4103#primaryimage"},"thumbnailUrl":"https:\/\/infocuatro.com\/wp-content\/uploads\/2025\/09\/multimedia.normal.b5f26eff0e135372.bm9ybWFsLndlYnA.webp","articleSection":["Locales"],"inLanguage":"es-AR"},{"@type":"WebPage","@id":"https:\/\/infocuatro.com\/?p=4103","url":"https:\/\/infocuatro.com\/?p=4103","name":"El Gran Premio de Turismo Hist\u00f3rico desde hoy en el Parque de la Democracia - InfoCuatro","isPartOf":{"@id":"https:\/\/infocuatro.com\/#website"},"primaryImageOfPage":{"@id":"https:\/\/infocuatro.com\/?p=4103#primaryimage"},"image":{"@id":"https:\/\/infocuatro.com\/?p=4103#primaryimage"},"thumbnailUrl":"https:\/\/infocuatro.com\/wp-content\/uploads\/2025\/09\/multimedia.normal.b5f26eff0e135372.bm9ybWFsLndlYnA.webp","datePublished":"2025-09-17T10:40:00+00:00","breadcrumb":{"@id":"https:\/\/infocuatro.com\/?p=4103#breadcrumb"},"inLanguage":"es-AR","potentialAction":[{"@type":"ReadAction","target":["https:\/\/infocuatro.com\/?p=4103"]}]},{"@type":"ImageObject","inLanguage":"es-AR","@id":"https:\/\/infocuatro.com\/?p=4103#primaryimage","url":"https:\/\/infocuatro.com\/wp-content\/uploads\/2025\/09\/multimedia.normal.b5f26eff0e135372.bm9ybWFsLndlYnA.webp","contentUrl":"https:\/\/infocuatro.com\/wp-content\/uploads\/2025\/09\/multimedia.normal.b5f26eff0e135372.bm9ybWFsLndlYnA.webp","width":960,"height":540},{"@type":"BreadcrumbList","@id":"https:\/\/infocuatro.com\/?p=4103#breadcrumb","itemListElement":[{"@type":"ListItem","position":1,"name":"Inicio","item":"https:\/\/infocuatro.com\/"},{"@type":"ListItem","position":2,"name":"El Gran Premio de Turismo Hist\u00f3rico desde hoy en el Parque de la Democracia"}]},{"@type":"WebSite","@id":"https:\/\/infocuatro.com\/#website","url":"https:\/\/infocuatro.com\/","name":"InfoCuatro","description":"","publisher":{"@id":"https:\/\/infocuatro.com\/#organization"},"potentialAction":[{"@type":"SearchAction","target":{"@type":"EntryPoint","urlTemplate":"https:\/\/infocuatro.com\/?s={search_term_string}"},"query-input":{"@type":"PropertyValueSpecification","valueRequired":true,"valueName":"search_term_string"}}],"inLanguage":"es-AR"},{"@type":"Organization","@id":"https:\/\/infocuatro.com\/#organization","name":"InfoCuatro","url":"https:\/\/infocuatro.com\/","logo":{"@type":"ImageObject","inLanguage":"es-AR","@id":"https:\/\/infocuatro.com\/#\/schema\/logo\/image\/","url":"https:\/\/infocuatro.com\/wp-content\/uploads\/2025\/09\/Logo-original.fw_.png","contentUrl":"https:\/\/infocuatro.com\/wp-content\/uploads\/2025\/09\/Logo-original.fw_.png","width":500,"height":500,"caption":"InfoCuatro"},"image":{"@id":"https:\/\/infocuatro.com\/#\/schema\/logo\/image\/"},"sameAs":["https:\/\/www.facebook.com\/infocuatro.noticias","https:\/\/x.com\/InfoCuatro","https:\/\/www.instagram.com\/infocuatro","https:\/\/mastodon.social\/@infocuatro","https:\/\/www.youtube.com\/@InfoCuatro","https:\/\/www.tiktok.com\/@infocuatro"]},{"@type":"Person","@id":"https:\/\/infocuatro.com\/#\/schema\/person\/560f9b4fb1043ae9c42c5c718f3fcc65","name":"Arnaldo N\u00fa\u00f1ez","image":{"@type":"ImageObject","inLanguage":"es-AR","@id":"https:\/\/secure.gravatar.com\/avatar\/63149f8b4b6f9b26dfe253aa95efa81655bb545eec50cc479c690a89ee8df583?s=96&r=g","url":"https:\/\/secure.gravatar.com\/avatar\/63149f8b4b6f9b26dfe253aa95efa81655bb545eec50cc479c690a89ee8df583?s=96&r=g","contentUrl":"https:\/\/secure.gravatar.com\/avatar\/63149f8b4b6f9b26dfe253aa95efa81655bb545eec50cc479c690a89ee8df583?s=96&r=g","caption":"Arnaldo N\u00fa\u00f1ez"},"url":"https:\/\/infocuatro.com\/?author=4"}]}},"_links":{"self":[{"href":"https:\/\/infocuatro.com\/index.php?rest_route=\/wp\/v2\/posts\/4103","targetHints":{"allow":["GET"]}}],"collection":[{"href":"https:\/\/infocuatro.com\/index.php?rest_route=\/wp\/v2\/posts"}],"about":[{"href":"https:\/\/infocuatro.com\/index.php?rest_route=\/wp\/v2\/types\/post"}],"author":[{"embeddable":true,"href":"https:\/\/infocuatro.com\/index.php?rest_route=\/wp\/v2\/users\/4"}],"replies":[{"embeddable":true,"href":"https:\/\/infocuatro.com\/index.php?rest_route=%2Fwp%2Fv2%2Fcomments&post=4103"}],"version-history":[{"count":1,"href":"https:\/\/infocuatro.com\/index.php?rest_route=\/wp\/v2\/posts\/4103\/revisions"}],"predecessor-version":[{"id":4106,"href":"https:\/\/infocuatro.com\/index.php?rest_route=\/wp\/v2\/posts\/4103\/revisions\/4106"}],"wp:featuredmedia":[{"embeddable":true,"href":"https:\/\/infocuatro.com\/index.php?rest_route=\/wp\/v2\/media\/4104"}],"wp:attachment":[{"href":"https:\/\/infocuatro.com\/index.php?rest_route=%2Fwp%2Fv2%2Fmedia&parent=4103"}],"wp:term":[{"taxonomy":"category","embeddable":true,"href":"https:\/\/infocuatro.com\/index.php?rest_route=%2Fwp%2Fv2%2Fcategories&post=4103"},{"taxonomy":"post_tag","embeddable":true,"href":"https:\/\/infocuatro.com\/index.php?rest_route=%2Fwp%2Fv2%2Ftags&post=4103"}],"curies":[{"name":"wp","href":"https:\/\/api.w.org\/{rel}","templated":true}]}}